{"id":91839,"date":"2022-07-20T14:19:26","date_gmt":"2022-07-20T17:19:26","guid":{"rendered":"https:\/\/primicias2262.com\/?p=91839"},"modified":"2022-07-20T14:19:26","modified_gmt":"2022-07-20T17:19:26","slug":"inscriben-para-la-segunda-edicion-de-los-viajes-de-fin-de-curso-gratuitos","status":"publish","type":"post","link":"https:\/\/primicias2262.com\/noticias\/inscriben-para-la-segunda-edicion-de-los-viajes-de-fin-de-curso-gratuitos\/","title":{"rendered":"Inscriben para la segunda edici\u00f3n de los viajes de fin de curso gratuitos"},"content":{"rendered":"<p>Se abri\u00f3 la inscripci\u00f3n para la segunda edici\u00f3n de\u00a0<strong>Viaje de Fin de Curso financiado por la Provincia<\/strong>\u00a0en\u00a0<a id=\"m_436729230473697774857500880\" href=\"https:\/\/nts.embluemail.com\/p\/cl?data=q5eK6xZWdZ%2Ftz%2F5u1sz%2B0Q9WFFk%2BEaIesUfNfnux7XYI1%2FZmANaur%2BpxbIkvrV8pQb4mvXrr1mwTFQV5L2iS8i21Lnw1C9X37blolqPZts8%3D!-!6a4eq6b!-!https%3A%2F%2Fviajefindecurso.gba.gob.ar%2F%3Futm_source=emBlue%26utm_medium=email%26utm_campaign=COMUNICACION+PUBLICA%26utm_content=Egresados+190722+-+A--Viajes+de+fin+de+curso+gratis+para+estudiantes+del+%C3%BAltimo+a%C3%B1o+del+secundario%26utm_term=multiple--3--none--20-30--ENVIO+SIMPLE\" target=\"_blank\" rel=\"noopener noreferrer\" data-saferedirecturl=\"https:\/\/www.google.com\/url?q=https:\/\/nts.embluemail.com\/p\/cl?data%3Dq5eK6xZWdZ%252Ftz%252F5u1sz%252B0Q9WFFk%252BEaIesUfNfnux7XYI1%252FZmANaur%252BpxbIkvrV8pQb4mvXrr1mwTFQV5L2iS8i21Lnw1C9X37blolqPZts8%253D!-!6a4eq6b!-!https%253A%252F%252Fviajefindecurso.gba.gob.ar%252F%253Futm_source%3DemBlue%2526utm_medium%3Demail%2526utm_campaign%3DCOMUNICACION%2BPUBLICA%2526utm_content%3DEgresados%2B190722%2B-%2BA--Viajes%2Bde%2Bfin%2Bde%2Bcurso%2Bgratis%2Bpara%2Bestudiantes%2Bdel%2B%25C3%25BAltimo%2Ba%25C3%25B1o%2Bdel%2Bsecundario%2526utm_term%3Dmultiple--3--none--20-30--ENVIO%2BSIMPLE&amp;source=gmail&amp;ust=1658418210356000&amp;usg=AOvVaw2_yuo5FDiQ6e1RchqcOIuo\">https:\/\/viajefindecurso.gba.<wbr \/>gob.ar\/<\/a><\/p>\n<p><strong>Los y las estudiantes que en 2022 est\u00e9n cursando el \u00faltimo a\u00f1o en escuelas bonaerenses, de gesti\u00f3n estatal o privada<\/strong>, van a poder viajar gratis a un destino de la Provincia durante 4 d\u00edas y 3 noches entre septiembre y noviembre. Hotel, micro, comidas y excursiones;\u00a0<strong>todo incluido<\/strong>. En la costa, el r\u00edo o en las sierras. \u00a1No tienen que pagar nada!<\/p>\n<p>Para poder viajar, los estudiantes deber\u00e1n formalizar su inscripci\u00f3n en el link anunciado antes del 31 de julio pr\u00f3ximo.<\/p>\n","protected":false},"excerpt":{"rendered":"<p>Se abri\u00f3 la inscripci\u00f3n para la segunda edici\u00f3n de\u00a0Viaje de Fin de Curso financiado por la Provincia\u00a0en\u00a0https:\/\/viajefindecurso.gba.gob.ar\/ Los y las estudiantes que en 2022 est\u00e9n cursando el \u00faltimo a\u00f1o en escuelas bonaerenses, de gesti\u00f3n estatal o privada, van a poder viajar gratis a un destino de la Provincia durante 4 d\u00edas y 3 noches entre [&hellip;]<\/p>\n","protected":false},"author":3,"featured_media":91840,"comment_status":"closed","ping_status":"closed","sticky":false,"template":"","format":"standard","meta":{"footnotes":""},"categories":[3],"tags":[],"class_list":["post-91839","post","type-post","status-publish","format-standard","has-post-thumbnail","category-masnoticias"],"_links":{"self":[{"href":"https:\/\/primicias2262.com\/noticias\/wp-json\/wp\/v2\/posts\/91839","targetHints":{"allow":["GET"]}}],"collection":[{"href":"https:\/\/primicias2262.com\/noticias\/wp-json\/wp\/v2\/posts"}],"about":[{"href":"https:\/\/primicias2262.com\/noticias\/wp-json\/wp\/v2\/types\/post"}],"author":[{"embeddable":true,"href":"https:\/\/primicias2262.com\/noticias\/wp-json\/wp\/v2\/users\/3"}],"replies":[{"embeddable":true,"href":"https:\/\/primicias2262.com\/noticias\/wp-json\/wp\/v2\/comments?post=91839"}],"version-history":[{"count":0,"href":"https:\/\/primicias2262.com\/noticias\/wp-json\/wp\/v2\/posts\/91839\/revisions"}],"wp:attachment":[{"href":"https:\/\/primicias2262.com\/noticias\/wp-json\/wp\/v2\/media?parent=91839"}],"wp:term":[{"taxonomy":"category","embeddable":true,"href":"https:\/\/primicias2262.com\/noticias\/wp-json\/wp\/v2\/categories?post=91839"},{"taxonomy":"post_tag","embeddable":true,"href":"https:\/\/primicias2262.com\/noticias\/wp-json\/wp\/v2\/tags?post=91839"}],"curies":[{"name":"wp","href":"https:\/\/api.w.org\/{rel}","templated":true}]}}