{"id":91853,"date":"2022-07-21T14:27:10","date_gmt":"2022-07-21T17:27:10","guid":{"rendered":"https:\/\/primicias2262.com\/?p=91853"},"modified":"2022-07-21T14:27:10","modified_gmt":"2022-07-21T17:27:10","slug":"el-centro-cultural-participo-de-la-feria-de-las-industrias-creativas","status":"publish","type":"post","link":"https:\/\/primicias2262.com\/noticias\/el-centro-cultural-participo-de-la-feria-de-las-industrias-creativas\/","title":{"rendered":"El Centro Cultural particip\u00f3 de la Feria de las Industrias Creativas"},"content":{"rendered":"<p>El Centro Cultural Necochea Biblioteca Popular Andr\u00e9s Ferreyra (CCN\/BPAF) particip\u00f3 de la Feria de Industrias Creativas (FINDE) que tuvo lugar el \u00faltimo fin de semana en el Estadio \u00danico de La Plata. Fue invitado por el Instituto Cultural de la Provincia de Buenos Aires (organizador del encuentro), y se destac\u00f3 por ser la \u00fanica Biblioteca Popular presente en el evento multitudinario.<\/p>\n<p>Adem\u00e1s de m\u00fasica, el encuentro apunt\u00f3 a promover otras industrias que nuclea la Subsecretar\u00eda de Industrias Creativas e Innovaci\u00f3n Cultural: Videojuegos, Editorial, Audiovisual y Dise\u00f1o. En este marco, el CCN\/BPAF particip\u00f3 en el sector editorial, elegido por ser uno de los organizadores de ferias del libro \u201cRema que rema\u201d como la que se realiz\u00f3 el a\u00f1o pasado, y la que se est\u00e1 organizando para el 25, 26 y 27 de agosto pr\u00f3ximo.<\/p>\n<p>La comitiva del CCN\/BPAF estuvo conformada por el presidente Juan Marraro, la integrante de la Comisi\u00f3n Directiva, M\u00f3nica Mart\u00ednez, el director Alberto Franco, el bibliotecario Sebasti\u00e1n Albizuri, y Eugenia Podlesny de Gesti\u00f3n Cultural.<\/p>\n<p>En la oportunidad, se mantuvieron reuniones con la presidenta del Instituto Cultural de la Provincia de Buenos Aires, Florencia Saintout; la Directora de la Promoci\u00f3n de la Lectura, Ximena Talento Bianchi; el Director provincial de Bibliotecas, Francisco Hern\u00e1ndez; adem\u00e1s de integrantes de CONABIP (Comisi\u00f3n Nacional de Bibliotecas Populares).<\/p>\n<p>Durante los encuentros con los funcionarios, la comitiva necochense entreg\u00f3 carpetas sobre el Plan Trienal 2020\/2023 del CCN\/BPAF, que contienen material sobre el Modelo Experimental que dio origen a la instituci\u00f3n, adem\u00e1s de invitaciones anticipadas por los 50 a\u00f1os del edificio que se cumplir\u00e1 el a\u00f1o pr\u00f3ximo.<\/p>\n","protected":false},"excerpt":{"rendered":"<p>El Centro Cultural Necochea Biblioteca Popular Andr\u00e9s Ferreyra (CCN\/BPAF) particip\u00f3 de la Feria de Industrias Creativas (FINDE) que tuvo lugar el \u00faltimo fin de semana en el Estadio \u00danico de La Plata. Fue invitado por el Instituto Cultural de la Provincia de Buenos Aires (organizador del encuentro), y se destac\u00f3 por ser la \u00fanica Biblioteca [&hellip;]<\/p>\n","protected":false},"author":3,"featured_media":91855,"comment_status":"closed","ping_status":"closed","sticky":false,"template":"","format":"standard","meta":{"footnotes":""},"categories":[3],"tags":[],"class_list":["post-91853","post","type-post","status-publish","format-standard","has-post-thumbnail","category-masnoticias"],"_links":{"self":[{"href":"https:\/\/primicias2262.com\/noticias\/wp-json\/wp\/v2\/posts\/91853","targetHints":{"allow":["GET"]}}],"collection":[{"href":"https:\/\/primicias2262.com\/noticias\/wp-json\/wp\/v2\/posts"}],"about":[{"href":"https:\/\/primicias2262.com\/noticias\/wp-json\/wp\/v2\/types\/post"}],"author":[{"embeddable":true,"href":"https:\/\/primicias2262.com\/noticias\/wp-json\/wp\/v2\/users\/3"}],"replies":[{"embeddable":true,"href":"https:\/\/primicias2262.com\/noticias\/wp-json\/wp\/v2\/comments?post=91853"}],"version-history":[{"count":0,"href":"https:\/\/primicias2262.com\/noticias\/wp-json\/wp\/v2\/posts\/91853\/revisions"}],"wp:attachment":[{"href":"https:\/\/primicias2262.com\/noticias\/wp-json\/wp\/v2\/media?parent=91853"}],"wp:term":[{"taxonomy":"category","embeddable":true,"href":"https:\/\/primicias2262.com\/noticias\/wp-json\/wp\/v2\/categories?post=91853"},{"taxonomy":"post_tag","embeddable":true,"href":"https:\/\/primicias2262.com\/noticias\/wp-json\/wp\/v2\/tags?post=91853"}],"curies":[{"name":"wp","href":"https:\/\/api.w.org\/{rel}","templated":true}]}}