{"id":91857,"date":"2022-07-21T14:37:29","date_gmt":"2022-07-21T17:37:29","guid":{"rendered":"https:\/\/primicias2262.com\/?p=91857"},"modified":"2022-07-21T14:37:29","modified_gmt":"2022-07-21T17:37:29","slug":"convocan-a-instituciones-y-artistas-para-participar-en-el-aniversario-de-quequen","status":"publish","type":"post","link":"https:\/\/primicias2262.com\/noticias\/convocan-a-instituciones-y-artistas-para-participar-en-el-aniversario-de-quequen\/","title":{"rendered":"Convocan a instituciones y artistas para participar en el aniversario de Quequ\u00e9n"},"content":{"rendered":"<p>La Municipalidad de Necochea convoca a las instituciones educativas, deportivas y entidades intermedias que quieran participar del Desfile Protocolar por el 168\u00ba Aniversario de Quequ\u00e9n, dirijan su consulta al email\u00a0<a href=\"mailto:protocolonecochea@gmail.com\">protocolonecochea@gmail.com<\/a>\u00a0o bien se acerquen a la Delegaci\u00f3n, situada en calle 521 y 560, de 7 a 17.<\/p>\n<p>El Desfile, cabe decir, ser\u00e1 el domingo 7 de agosto a partir de las 12, por lo que la recepci\u00f3n de la glosa ser\u00e1 hasta el 29 de julio.<\/p>\n<p>En otro orden, el Ejecutivo tambi\u00e9n abre convocatoria para los artistas locales que quieran formar parte del aniversario de la vecina localidad, cuyos festejos ser\u00e1n del viernes 5 al domingo 7. Los interesados deber\u00e1n dirigirse a la mencionada Delegaci\u00f3n en la misma franja horaria, o bien a la Direcci\u00f3n de Cultura, ubicada en la esquina de 65 y 68, de 8 a 14.<\/p>\n","protected":false},"excerpt":{"rendered":"<p>La Municipalidad de Necochea convoca a las instituciones educativas, deportivas y entidades intermedias que quieran participar del Desfile Protocolar por el 168\u00ba Aniversario de Quequ\u00e9n, dirijan su consulta al email\u00a0protocolonecochea@gmail.com\u00a0o bien se acerquen a la Delegaci\u00f3n, situada en calle 521 y 560, de 7 a 17. El Desfile, cabe decir, ser\u00e1 el domingo 7 de [&hellip;]<\/p>\n","protected":false},"author":3,"featured_media":91858,"comment_status":"closed","ping_status":"closed","sticky":false,"template":"","format":"standard","meta":{"footnotes":""},"categories":[3],"tags":[],"class_list":["post-91857","post","type-post","status-publish","format-standard","has-post-thumbnail","category-masnoticias"],"_links":{"self":[{"href":"https:\/\/primicias2262.com\/noticias\/wp-json\/wp\/v2\/posts\/91857","targetHints":{"allow":["GET"]}}],"collection":[{"href":"https:\/\/primicias2262.com\/noticias\/wp-json\/wp\/v2\/posts"}],"about":[{"href":"https:\/\/primicias2262.com\/noticias\/wp-json\/wp\/v2\/types\/post"}],"author":[{"embeddable":true,"href":"https:\/\/primicias2262.com\/noticias\/wp-json\/wp\/v2\/users\/3"}],"replies":[{"embeddable":true,"href":"https:\/\/primicias2262.com\/noticias\/wp-json\/wp\/v2\/comments?post=91857"}],"version-history":[{"count":0,"href":"https:\/\/primicias2262.com\/noticias\/wp-json\/wp\/v2\/posts\/91857\/revisions"}],"wp:attachment":[{"href":"https:\/\/primicias2262.com\/noticias\/wp-json\/wp\/v2\/media?parent=91857"}],"wp:term":[{"taxonomy":"category","embeddable":true,"href":"https:\/\/primicias2262.com\/noticias\/wp-json\/wp\/v2\/categories?post=91857"},{"taxonomy":"post_tag","embeddable":true,"href":"https:\/\/primicias2262.com\/noticias\/wp-json\/wp\/v2\/tags?post=91857"}],"curies":[{"name":"wp","href":"https:\/\/api.w.org\/{rel}","templated":true}]}}