{"id":91860,"date":"2022-07-21T14:42:16","date_gmt":"2022-07-21T17:42:16","guid":{"rendered":"https:\/\/primicias2262.com\/?p=91860"},"modified":"2022-07-21T14:42:16","modified_gmt":"2022-07-21T17:42:16","slug":"este-sabado-habra-un-encuentro-regional-de-cooperativas-abierto-a-toda-la-comunidad","status":"publish","type":"post","link":"https:\/\/primicias2262.com\/noticias\/este-sabado-habra-un-encuentro-regional-de-cooperativas-abierto-a-toda-la-comunidad\/","title":{"rendered":"Este s\u00e1bado habr\u00e1 un encuentro regional de cooperativas abierto a toda la comunidad"},"content":{"rendered":"<p>Tendr\u00e1 lugar en la sede del Banco Credicoop, en calle 62 N\u00ba 3132, a partir de las 14, donde habr\u00e1 charlas de cooperativismo y alrededor de diez stands.<\/p>\n<p>Diego Britos, delegado seccional del INAES (Instituto Nacional de Asociativismo y Econom\u00eda Social), pas\u00f3 por la ma\u00f1ana de \u201cVoces de la Ciudad\u201d y en di\u00e1logo con el periodista Carlos Gonz\u00e1lez Oron\u00f3 dio detalles de la jornada sabatina que ser\u00e1 libre y gratuita para toda la comunidad.<\/p>\n<p>\u201cEste s\u00e1bado junto con el INAES y el sector cooperativo local haremos un encuentro regional de cooperativas en el Banco Credicoop, habilitaremos la zona de cajas para que las distintas cooperativas pongan stands, ser\u00e1n alrededor de diez\u201d, anticip\u00f3 Britos, a lo que a\u00f1adi\u00f3 que \u201ctambi\u00e9n, grupos precooperativos de la zona estar\u00e1n difundiendo las actividades que hacen y vendiendo los productos regionales que elaboran\u201d.<\/p>\n<p>Sostuvo que \u201chabr\u00e1 charlas con experiencias de cooperativa, vendr\u00e1 una cooperativa de Balcarce, y por la plataforma virtual Zoom participar\u00e1 una cooperativa de Tigre (Creando Conciencia), y la especialista en cooperativismo Valeria Mutuberr\u00eda, quien dar\u00e1 una charla sobre c\u00f3mo organizar un plan de negocio y plazos de trabajo, muy interesante para los grupos que venimos armando\u201d.<\/p>\n<p>La jornada comenzar\u00e1 a las 14 con una apertura y a las 14.30 inician las charlas, se extender\u00e1 hasta las 18 y el cierre art\u00edstico estar\u00e1 a cargo de la cooperativa La Colmena.<\/p>\n<p>Finalmente, Britos manifest\u00f3 que \u201cnuestra tarea desde INAES es tratar de difundir m\u00e1s c\u00f3mo se conforma una cooperativa y de qu\u00e9 manera, y estamos abiertos a difundir el ideal de cooperativismo genuino y c\u00f3mo se realiza a trav\u00e9s de ello un mont\u00f3n de servicios que se brindan a la comunidad, como el servicio el\u00e9ctrico o de agua potable\u201d.<\/p>\n","protected":false},"excerpt":{"rendered":"<p>Tendr\u00e1 lugar en la sede del Banco Credicoop, en calle 62 N\u00ba 3132, a partir de las 14, donde habr\u00e1 charlas de cooperativismo y alrededor de diez stands. Diego Britos, delegado seccional del INAES (Instituto Nacional de Asociativismo y Econom\u00eda Social), pas\u00f3 por la ma\u00f1ana de \u201cVoces de la Ciudad\u201d y en di\u00e1logo con el [&hellip;]<\/p>\n","protected":false},"author":3,"featured_media":91861,"comment_status":"closed","ping_status":"closed","sticky":false,"template":"","format":"standard","meta":{"footnotes":""},"categories":[3],"tags":[],"class_list":["post-91860","post","type-post","status-publish","format-standard","has-post-thumbnail","category-masnoticias"],"_links":{"self":[{"href":"https:\/\/primicias2262.com\/noticias\/wp-json\/wp\/v2\/posts\/91860","targetHints":{"allow":["GET"]}}],"collection":[{"href":"https:\/\/primicias2262.com\/noticias\/wp-json\/wp\/v2\/posts"}],"about":[{"href":"https:\/\/primicias2262.com\/noticias\/wp-json\/wp\/v2\/types\/post"}],"author":[{"embeddable":true,"href":"https:\/\/primicias2262.com\/noticias\/wp-json\/wp\/v2\/users\/3"}],"replies":[{"embeddable":true,"href":"https:\/\/primicias2262.com\/noticias\/wp-json\/wp\/v2\/comments?post=91860"}],"version-history":[{"count":0,"href":"https:\/\/primicias2262.com\/noticias\/wp-json\/wp\/v2\/posts\/91860\/revisions"}],"wp:attachment":[{"href":"https:\/\/primicias2262.com\/noticias\/wp-json\/wp\/v2\/media?parent=91860"}],"wp:term":[{"taxonomy":"category","embeddable":true,"href":"https:\/\/primicias2262.com\/noticias\/wp-json\/wp\/v2\/categories?post=91860"},{"taxonomy":"post_tag","embeddable":true,"href":"https:\/\/primicias2262.com\/noticias\/wp-json\/wp\/v2\/tags?post=91860"}],"curies":[{"name":"wp","href":"https:\/\/api.w.org\/{rel}","templated":true}]}}