{"id":91866,"date":"2022-07-22T08:36:50","date_gmt":"2022-07-22T11:36:50","guid":{"rendered":"https:\/\/primicias2262.com\/?p=91866"},"modified":"2022-07-22T08:36:50","modified_gmt":"2022-07-22T11:36:50","slug":"clima-gris-para-el-fin-de-semana-y-una-minima-posibilidad-de-lluvia","status":"publish","type":"post","link":"https:\/\/primicias2262.com\/noticias\/clima-gris-para-el-fin-de-semana-y-una-minima-posibilidad-de-lluvia\/","title":{"rendered":"Clima gris para el fin de semana y una m\u00ednima posibilidad de lluvia"},"content":{"rendered":"<div class=\"elementor-element elementor-element-4e81b259 elementor-widget elementor-widget-theme-post-content\" data-id=\"4e81b259\" data-element_type=\"widget\" data-widget_type=\"theme-post-content.default\">\n<div class=\"elementor-widget-container\">\n<p>Tras varios d\u00edas de sol en Necochea y Quequ\u00e9n durante la primera semana del receso escolar de invierno, para este viernes y el fin de semana el panorama parece ser bastante m\u00e1s gris, con cielo cubierto y avance de la nubosidad.<\/p>\n<p>Para hoy, si bien el cielo se despejar\u00eda un poco m\u00e1s por la tarde, lo cierto es que amaneci\u00f3 con algo de niebla y bastante cubierto. Los vientos son leves y rotar\u00edan del sector suroeste a noreste, mientras que el fr\u00edo se har\u00e1 sentir, con una temperatura m\u00e1xima de solo 12 grados.<\/p>\n<p>En cuanto al fin de semana, tanto para s\u00e1bado como para domingo el Servicio Meteorol\u00f3gico Nacional prev\u00e9 jornadas grises y de cielo mayormente nublado, con la diferencia que el s\u00e1bado har\u00eda un poco menos de fr\u00edo, con una m\u00e1xima de 16\u00ba, mientras que la sensaci\u00f3n t\u00e9rmica al otro d\u00eda ser\u00eda solo de 12 grados y no se descartan lluvias aisladas para la tarde\/noche del domingo, lo que ser\u00eda un anticipo del intenso registro de lluvia que se pronostica para el inicio de la semana pr\u00f3xima.<\/p>\n<\/div>\n<\/div>\n","protected":false},"excerpt":{"rendered":"<p>Tras varios d\u00edas de sol en Necochea y Quequ\u00e9n durante la primera semana del receso escolar de invierno, para este viernes y el fin de semana el panorama parece ser bastante m\u00e1s gris, con cielo cubierto y avance de la nubosidad. Para hoy, si bien el cielo se despejar\u00eda un poco m\u00e1s por la tarde, [&hellip;]<\/p>\n","protected":false},"author":3,"featured_media":72010,"comment_status":"closed","ping_status":"closed","sticky":false,"template":"","format":"standard","meta":{"footnotes":""},"categories":[3],"tags":[],"class_list":["post-91866","post","type-post","status-publish","format-standard","has-post-thumbnail","category-masnoticias"],"_links":{"self":[{"href":"https:\/\/primicias2262.com\/noticias\/wp-json\/wp\/v2\/posts\/91866","targetHints":{"allow":["GET"]}}],"collection":[{"href":"https:\/\/primicias2262.com\/noticias\/wp-json\/wp\/v2\/posts"}],"about":[{"href":"https:\/\/primicias2262.com\/noticias\/wp-json\/wp\/v2\/types\/post"}],"author":[{"embeddable":true,"href":"https:\/\/primicias2262.com\/noticias\/wp-json\/wp\/v2\/users\/3"}],"replies":[{"embeddable":true,"href":"https:\/\/primicias2262.com\/noticias\/wp-json\/wp\/v2\/comments?post=91866"}],"version-history":[{"count":0,"href":"https:\/\/primicias2262.com\/noticias\/wp-json\/wp\/v2\/posts\/91866\/revisions"}],"wp:attachment":[{"href":"https:\/\/primicias2262.com\/noticias\/wp-json\/wp\/v2\/media?parent=91866"}],"wp:term":[{"taxonomy":"category","embeddable":true,"href":"https:\/\/primicias2262.com\/noticias\/wp-json\/wp\/v2\/categories?post=91866"},{"taxonomy":"post_tag","embeddable":true,"href":"https:\/\/primicias2262.com\/noticias\/wp-json\/wp\/v2\/tags?post=91866"}],"curies":[{"name":"wp","href":"https:\/\/api.w.org\/{rel}","templated":true}]}}