{"id":91869,"date":"2022-07-22T09:12:49","date_gmt":"2022-07-22T12:12:49","guid":{"rendered":"https:\/\/primicias2262.com\/?p=91869"},"modified":"2022-07-22T09:12:49","modified_gmt":"2022-07-22T12:12:49","slug":"sierra-senalo-que-no-vino-mucha-gente-a-la-costa-e-hizo-enfasis-en-la-modalidad-del-previaje","status":"publish","type":"post","link":"https:\/\/primicias2262.com\/noticias\/sierra-senalo-que-no-vino-mucha-gente-a-la-costa-e-hizo-enfasis-en-la-modalidad-del-previaje\/","title":{"rendered":"Sierra se\u00f1al\u00f3 que no vino mucha gente a la costa e hizo \u00e9nfasis en la modalidad del Previaje"},"content":{"rendered":"<p><strong>El secretario de Turismo y Desarrollo Productivo manifest\u00f3 que Necochea no escap\u00f3 a la realidad de otros destinos de la costa atl\u00e1ntica durante la primera semana del receso escolar, donde la ocupaci\u00f3n es baja, a diferencia de otras ciudades como Tandil.<\/strong><\/p>\n<p>Durante la ma\u00f1ana de \u201cVoces de la Ciudad\u201d, el funcionario cont\u00f3 que \u201cno tuvimos el dato oficial de la Asociaci\u00f3n de Hoteles, pero escuch\u00e9 que la presidenta (Claudia Calvo) dijo que andaban en un 15% de ocupaci\u00f3n, m\u00e1s o menos, y la verdad es que mucha gente no se acerc\u00f3 a la costa en general, en Mar del Plata, Caril\u00f3 o Villa Gesell pasa algo parecido a lo de ac\u00e1. No as\u00ed en Tandil, que s\u00ed ha tenido una buena ocupaci\u00f3n, pero hay que seguir trabajando para que la gente se acerque durante todo el a\u00f1o\u201d.<\/p>\n<p>En ese sentido, hizo \u00e9nfasis en el uso del programa nacional Previaje. \u201cVale recordar que para el Previaje solo quedaba el 14% para las vacaciones de invierno, es un porcentaje bajo y tambi\u00e9n estamos esperando eso\u201d, a lo que acot\u00f3: \u201cRecuerden que a partir del 1\u00ba de agosto ya se pueden empezar a pedir el previaje y la gente va a usar esa modalidad\u201d.<\/p>\n<p><a href=\"https:\/\/primicias2262.com\/wp-content\/uploads\/2022\/07\/matias-sierra-56.jpeg\"><img loading=\"lazy\" decoding=\"async\" class=\"alignleft size-medium wp-image-91870\" src=\"https:\/\/primicias2262.com\/wp-content\/uploads\/2022\/07\/matias-sierra-56-300x225.jpeg\" alt=\"\" width=\"300\" height=\"225\" \/><\/a><\/p>\n<p>Fue all\u00ed que se\u00f1al\u00f3 Sierra que \u201caprovecho para recordarle al sector \u00a0de los comerciantes,\u00a0 hoteleros, gastron\u00f3micos y prestadores que utilicen tambi\u00e9n esta modalidad de Previaje, que es muy importante. La finalidad del programa es la de usar los meses bajos para que la gente pueda salir con un tope de reintegro de 100 mil pesos, una cifra que estamos viendo si se puede incrementar\u201d.<\/p>\n<p>Por otra parte, se refiri\u00f3 al proceso inflacionario que tanto afecta al pa\u00eds y al sector tur\u00edstico y productivo. \u201cEl principal problema que trae la inflaci\u00f3n es la falta de previsibilidad que puede tener una empresa, ya que ante la duda, si est\u00e1n necesitando una persona, el empresario espera\u201d, manifest\u00f3, se\u00f1alando como referencia que \u201ctenemos la Oficina de Empleo en la Secretar\u00eda, en la que ven\u00edamos con un buen ritmo de programas dados, el a\u00f1o pasado terminamos con 74 chicos insertados en el sector privado a trav\u00e9s de programas de empleo y este a\u00f1o no vamos ni el 30% del a\u00f1o pasado, lo que demuestra la incertidumbre\u201d.<\/p>\n<p>\u201cCreo que no hay peor cosa que un joven que termin\u00f3 la secundaria y no puede irse a estudiar, golpee una puerta y no tenga la posibilidad de poder acceder al campo laboral\u201d, asever\u00f3 el funcionario, agregando que \u201cadem\u00e1s hay muchos problemas con los insumos importados, eso traba la parte de la producci\u00f3n y a nosotros en Aguamarina nos cuesta con los cierres para la ropa, no ha f\u00e1brica de cierres a nivel nacional, hay falta de previsibilidad para las empresas y eso traba que haya m\u00e1s empleo, es dif\u00edcil que las empresas contraten personal con este contexto, y tampoco se ve que haya un plan cre\u00edble o certero contra la inflaci\u00f3n\u201d.<\/p>\n","protected":false},"excerpt":{"rendered":"<p>El secretario de Turismo y Desarrollo Productivo manifest\u00f3 que Necochea no escap\u00f3 a la realidad de otros destinos de la costa atl\u00e1ntica durante la primera semana del receso escolar, donde la ocupaci\u00f3n es baja, a diferencia de otras ciudades como Tandil. Durante la ma\u00f1ana de \u201cVoces de la Ciudad\u201d, el funcionario cont\u00f3 que \u201cno tuvimos [&hellip;]<\/p>\n","protected":false},"author":3,"featured_media":91872,"comment_status":"closed","ping_status":"closed","sticky":false,"template":"","format":"standard","meta":{"footnotes":""},"categories":[3],"tags":[],"class_list":["post-91869","post","type-post","status-publish","format-standard","has-post-thumbnail","category-masnoticias"],"_links":{"self":[{"href":"https:\/\/primicias2262.com\/noticias\/wp-json\/wp\/v2\/posts\/91869","targetHints":{"allow":["GET"]}}],"collection":[{"href":"https:\/\/primicias2262.com\/noticias\/wp-json\/wp\/v2\/posts"}],"about":[{"href":"https:\/\/primicias2262.com\/noticias\/wp-json\/wp\/v2\/types\/post"}],"author":[{"embeddable":true,"href":"https:\/\/primicias2262.com\/noticias\/wp-json\/wp\/v2\/users\/3"}],"replies":[{"embeddable":true,"href":"https:\/\/primicias2262.com\/noticias\/wp-json\/wp\/v2\/comments?post=91869"}],"version-history":[{"count":0,"href":"https:\/\/primicias2262.com\/noticias\/wp-json\/wp\/v2\/posts\/91869\/revisions"}],"wp:attachment":[{"href":"https:\/\/primicias2262.com\/noticias\/wp-json\/wp\/v2\/media?parent=91869"}],"wp:term":[{"taxonomy":"category","embeddable":true,"href":"https:\/\/primicias2262.com\/noticias\/wp-json\/wp\/v2\/categories?post=91869"},{"taxonomy":"post_tag","embeddable":true,"href":"https:\/\/primicias2262.com\/noticias\/wp-json\/wp\/v2\/tags?post=91869"}],"curies":[{"name":"wp","href":"https:\/\/api.w.org\/{rel}","templated":true}]}}