{"id":91883,"date":"2022-07-22T13:04:17","date_gmt":"2022-07-22T16:04:17","guid":{"rendered":"https:\/\/primicias2262.com\/?p=91883"},"modified":"2022-07-22T13:04:17","modified_gmt":"2022-07-22T16:04:17","slug":"el-programa-voces-de-la-ciudad-se-toma-una-semana-de-vacaciones","status":"publish","type":"post","link":"https:\/\/primicias2262.com\/noticias\/el-programa-voces-de-la-ciudad-se-toma-una-semana-de-vacaciones\/","title":{"rendered":"El programa \u00abVoces de la Ciudad\u00bb se toma una semana de vacaciones"},"content":{"rendered":"<p>El programa de radio Voces de la Ciudad, que se emite por Vinilo FM 103.5 Mhz, se tomar\u00e1 una semana de descanso entre este venidero lunes 25 y el viernes 29 de julio, en lo que se conoce como la segunda semana de las presentes vacaciones de invierno, coincidiendo con el final del receso escolar y la feria judicial, ente otras actividades que tienen menguadas sus labores.<\/p>\n<p>El aludido magazine informativo que ocupa la primera y buena parte de la semana ma\u00f1ana informativa de radio en Necochea y Quequ\u00e9n har\u00e1 por lo tanto una pausa, en una suerte de esperado reposo -en pandemia y tras dos a\u00f1os y medio de labor CASI ininterrumpida- de quienes son parte de la propuesta.<\/p>\n<p>Se recuerda que el programa Voces de la Ciudad es conducido por el periodista Jorge G\u00f3mez y cuenta con la colaboraci\u00f3n de Daniel Gonz\u00e1lez, Carlos Gonz\u00e1lez Oron\u00f3, Hugo Arroyo, Marita Maranchelli, Eloy Casares, Jer\u00f3nimo Franceschini, Daniel Chirichigno, Patricio Trejo y Rosana G\u00e1spari.<\/p>\n<p>Tras este citado intervalo de cinco d\u00edas de silencio se volver\u00e1 a brindar tal servicio radial el pr\u00f3ximo lunes 1 de agosto, en l\u00ednea con el mencionado final de las vacaciones invernales, en el primer d\u00eda h\u00e1bil del octavo mes de 2021.<\/p>\n<p>Voces de la Ciudad se emite de 7 a 11 de la ma\u00f1ana a trav\u00e9s de la se\u00f1al de Vinilo FM 103.5 Mhz, y tambi\u00e9n se lo puede escuchar accediendo a la web con el mismo nombre del programa, y en el de Vinilo FM y en el de Voces de Necochea, como as\u00ed a trav\u00e9s de los muros en Facebook live de Voces de la Ciudad, Primicias 2262 y de Jorge G\u00f3mez.<\/p>\n","protected":false},"excerpt":{"rendered":"<p>El programa de radio Voces de la Ciudad, que se emite por Vinilo FM 103.5 Mhz, se tomar\u00e1 una semana de descanso entre este venidero lunes 25 y el viernes 29 de julio, en lo que se conoce como la segunda semana de las presentes vacaciones de invierno, coincidiendo con el final del receso escolar [&hellip;]<\/p>\n","protected":false},"author":3,"featured_media":91884,"comment_status":"closed","ping_status":"closed","sticky":false,"template":"","format":"standard","meta":{"footnotes":""},"categories":[3],"tags":[],"class_list":["post-91883","post","type-post","status-publish","format-standard","has-post-thumbnail","category-masnoticias"],"_links":{"self":[{"href":"https:\/\/primicias2262.com\/noticias\/wp-json\/wp\/v2\/posts\/91883","targetHints":{"allow":["GET"]}}],"collection":[{"href":"https:\/\/primicias2262.com\/noticias\/wp-json\/wp\/v2\/posts"}],"about":[{"href":"https:\/\/primicias2262.com\/noticias\/wp-json\/wp\/v2\/types\/post"}],"author":[{"embeddable":true,"href":"https:\/\/primicias2262.com\/noticias\/wp-json\/wp\/v2\/users\/3"}],"replies":[{"embeddable":true,"href":"https:\/\/primicias2262.com\/noticias\/wp-json\/wp\/v2\/comments?post=91883"}],"version-history":[{"count":0,"href":"https:\/\/primicias2262.com\/noticias\/wp-json\/wp\/v2\/posts\/91883\/revisions"}],"wp:attachment":[{"href":"https:\/\/primicias2262.com\/noticias\/wp-json\/wp\/v2\/media?parent=91883"}],"wp:term":[{"taxonomy":"category","embeddable":true,"href":"https:\/\/primicias2262.com\/noticias\/wp-json\/wp\/v2\/categories?post=91883"},{"taxonomy":"post_tag","embeddable":true,"href":"https:\/\/primicias2262.com\/noticias\/wp-json\/wp\/v2\/tags?post=91883"}],"curies":[{"name":"wp","href":"https:\/\/api.w.org\/{rel}","templated":true}]}}