{"id":91889,"date":"2022-07-22T14:32:38","date_gmt":"2022-07-22T17:32:38","guid":{"rendered":"https:\/\/primicias2262.com\/?p=91889"},"modified":"2022-07-22T14:32:38","modified_gmt":"2022-07-22T17:32:38","slug":"intendentes-vecinalistas-entre-ellos-rojas-tambien-piden-audiencia-con-kicillof","status":"publish","type":"post","link":"https:\/\/primicias2262.com\/noticias\/intendentes-vecinalistas-entre-ellos-rojas-tambien-piden-audiencia-con-kicillof\/","title":{"rendered":"Intendentes vecinalistas, entre ellos Rojas, tambi\u00e9n piden audiencia con Kicillof"},"content":{"rendered":"<p><strong>Luego del paso por La Plata de los intendentes de origen radicales y del PRO, los vecinalistas manifestaron \u00abpreocupaci\u00f3n y tristeza\u00bb por la actual crisis econ\u00f3mica y social.<\/strong><\/p>\n<p><strong>Por Jorge G\u00f3mez<\/strong><\/p>\n<p>En medio de un contexto econ\u00f3mico y social complejo, la palabra que ronda en los despachos de los intendentes es \u201cpreocupaci\u00f3n\u201d. Por eso, luego del paso de los radicales y los del PRO, los jefes comunales del vecinalismo piden una audiencia con el gobernador Axel Kicillof.<\/p>\n<p>Una cr\u00f3nica publicada en el portal Infocielo, firmada por la colega Mar\u00eda Bel\u00e9n Robledo as\u00ed lo inform\u00f3 en las \u00faltimas horas, con el a\u00f1adido de un documento rubricado por los propios intendentes.<\/p>\n<p>Nucleados en la organizaci\u00f3n \u201cBuenos Aires Primero\u201d, los jefes comunales Juan Nosetti (Salliquel\u00f3); Guillermo Britos (Chivilcoy); Carlos Bevilacqua (Villarino) y Arturo Rojas (Nueva Necochea) firmaron un comunicado en el que manifestaron la \u201ctristeza\u201d de ver \u201cque es imposible sacar adelante nuestro pa\u00eds cuando no hay un solo punto de construcci\u00f3n, sin di\u00e1logos ni consensos\u201d.<\/p>\n<p>El alcalde Nosetti, que espera la llegada del gobernador al distrito el pr\u00f3ximo martes, se\u00f1al\u00f3 que desde el n\u00facleo de intendentes vecinalistas entienden \u201cque no podemos seguir de esta manera entre blancos y negros porque tenemos que salir en conjunto de esto\u201d.<\/p>\n<p>Pese a que la representaci\u00f3n en la Legislatura es baja con solo dos diputados a favor (Fabio Britos y Fernanda Bevilacqua), los alcaldes que no se ubican en las filas oficialistas ni opositoras plantearon serias preocupaciones, en especial por la crisis social que se agrava en sus comunidades.<\/p>\n<p>\u201cLa situaci\u00f3n del interior estaba enmascarada por la pandemia\u201d, sentenci\u00f3 Nosetti, al tiempo que destac\u00f3 que \u201choy pasa lo mismo que en todos lados, hay indigencia y situaciones peligrosas que son pocas, pero no podemos permitir que se agranden, no podemos dejarnos estar\u201d.<\/p>\n<p>Uno de los problemas que se le increment\u00f3 al municipio de Salliquel\u00f3 es la asistencia en el pago de transporte a vecinos que requieren atenci\u00f3n m\u00e9dica especializada y deben viajar m\u00e1s de 600 kil\u00f3metros para poder asistir a un hospital provincial.<\/p>\n<p>\u201cVemos que gente que debido a la pandemia no se hizo tratar y lo hace ahora, tambi\u00e9n en temas de salud mental que requiere traslado, eso se lleva buena parte de los recursos\u201d, manifest\u00f3.<\/p>\n<p>Eso llev\u00f3 a que las comunas debieran reforzar las partidas destinadas a las pol\u00edticas sociales, como el incremento en la entrega de alimentos a las familias vulnerables que, aseguran, cada vez son m\u00e1s y se refleja tambi\u00e9n en el atraso de los pagos de las tasas municipales. \u201cEs l\u00f3gico, la gente prioriza otras cosas antes que pagar el servicio si no llega a fin de mes\u201d, lament\u00f3 el alcalde.<\/p>\n","protected":false},"excerpt":{"rendered":"<p>Luego del paso por La Plata de los intendentes de origen radicales y del PRO, los vecinalistas manifestaron \u00abpreocupaci\u00f3n y tristeza\u00bb por la actual crisis econ\u00f3mica y social. Por Jorge G\u00f3mez En medio de un contexto econ\u00f3mico y social complejo, la palabra que ronda en los despachos de los intendentes es \u201cpreocupaci\u00f3n\u201d. Por eso, luego [&hellip;]<\/p>\n","protected":false},"author":3,"featured_media":70661,"comment_status":"closed","ping_status":"closed","sticky":false,"template":"","format":"standard","meta":{"footnotes":""},"categories":[3],"tags":[],"class_list":["post-91889","post","type-post","status-publish","format-standard","has-post-thumbnail","category-masnoticias"],"_links":{"self":[{"href":"https:\/\/primicias2262.com\/noticias\/wp-json\/wp\/v2\/posts\/91889","targetHints":{"allow":["GET"]}}],"collection":[{"href":"https:\/\/primicias2262.com\/noticias\/wp-json\/wp\/v2\/posts"}],"about":[{"href":"https:\/\/primicias2262.com\/noticias\/wp-json\/wp\/v2\/types\/post"}],"author":[{"embeddable":true,"href":"https:\/\/primicias2262.com\/noticias\/wp-json\/wp\/v2\/users\/3"}],"replies":[{"embeddable":true,"href":"https:\/\/primicias2262.com\/noticias\/wp-json\/wp\/v2\/comments?post=91889"}],"version-history":[{"count":0,"href":"https:\/\/primicias2262.com\/noticias\/wp-json\/wp\/v2\/posts\/91889\/revisions"}],"wp:attachment":[{"href":"https:\/\/primicias2262.com\/noticias\/wp-json\/wp\/v2\/media?parent=91889"}],"wp:term":[{"taxonomy":"category","embeddable":true,"href":"https:\/\/primicias2262.com\/noticias\/wp-json\/wp\/v2\/categories?post=91889"},{"taxonomy":"post_tag","embeddable":true,"href":"https:\/\/primicias2262.com\/noticias\/wp-json\/wp\/v2\/tags?post=91889"}],"curies":[{"name":"wp","href":"https:\/\/api.w.org\/{rel}","templated":true}]}}