{"id":91903,"date":"2022-07-23T08:08:37","date_gmt":"2022-07-23T11:08:37","guid":{"rendered":"https:\/\/primicias2262.com\/?p=91903"},"modified":"2022-07-23T08:08:37","modified_gmt":"2022-07-23T11:08:37","slug":"los-estudios-de-nec-radio-llevan-el-nombre-de-leandro-aroza","status":"publish","type":"post","link":"https:\/\/primicias2262.com\/noticias\/los-estudios-de-nec-radio-llevan-el-nombre-de-leandro-aroza\/","title":{"rendered":"Los estudios de Nec Radio llevan el nombre de Leandro Aroza"},"content":{"rendered":"<p><strong>Durante una emotiva ceremonia, se instaur\u00f3 el nombre del periodista deportivo y relator fallecido hace pocos d\u00edas a los estudios de la FM 98.3, que se encuentran en el predio de la Terminal de \u00d3mnibus.<\/strong><\/p>\n<p>\u201cA partir de hoy los estudios de Nec Radio llevar\u00e1n el nombre de Leandro Aroza\u201d, expres\u00f3 con un breve pero c\u00e1lido comunicado en redes sociales el colega periodista Rub\u00e9n Leys, quien forma parte de la familia de dicha emisora a trav\u00e9s de su programa matutino \u201cSolo por hoy\u201d.<\/p>\n<p>Fue durante ese espacio que justamente se llev\u00f3 a cabo una emotiva ceremonia en los estudios de la 98.3, que para siempre llevar\u00e1n el nombre de un apasionado del deporte como Leandro Aroza, periodista deportivo y relator, quien tuviera c\u00f3mo \u00faltima actividad la direcci\u00f3n t\u00e9cnica del equipo de f\u00fatbol femenino de Hurac\u00e1n y que el \u00faltimo lunes nos dejara con solo 48 a\u00f1os de vida tras un ataque card\u00edaco.<\/p>\n<p>El acto y los estudios con el nombre de Lea fueron bendecidos por el cura p\u00e1rroco de Nueva Pompeya, el padre Maximiliano Fr\u00edas; y adem\u00e1s se cont\u00f3 con la presencia del pap\u00e1 de Leandro, An\u00edbal Aroza; la pareja de Leandro, Milena Reser, sus cu\u00f1ados y en nombre de la radio, Abel Agesta, Nicol\u00e1s \u00c1vila y el propietario de la emisora, Adolfo \u00c1vila, adem\u00e1s del mencionado colega Rub\u00e9n Leys.<\/p>\n\n<p>Tras las palabras alusivas del caso, se descubri\u00f3 la placa que lleva el nombre de Leandro Aroza junto a una foto que grafica uno de sus momentos preferidos: el relato deportivo, en homenaje \u201ca quien mantendremos por siempre en nuestros corazones\u201d, resaltaron.<\/p>\n","protected":false},"excerpt":{"rendered":"<p>Durante una emotiva ceremonia, se instaur\u00f3 el nombre del periodista deportivo y relator fallecido hace pocos d\u00edas a los estudios de la FM 98.3, que se encuentran en el predio de la Terminal de \u00d3mnibus. \u201cA partir de hoy los estudios de Nec Radio llevar\u00e1n el nombre de Leandro Aroza\u201d, expres\u00f3 con un breve pero [&hellip;]<\/p>\n","protected":false},"author":3,"featured_media":91904,"comment_status":"closed","ping_status":"closed","sticky":false,"template":"","format":"standard","meta":{"footnotes":""},"categories":[3],"tags":[],"class_list":["post-91903","post","type-post","status-publish","format-standard","has-post-thumbnail","category-masnoticias"],"_links":{"self":[{"href":"https:\/\/primicias2262.com\/noticias\/wp-json\/wp\/v2\/posts\/91903","targetHints":{"allow":["GET"]}}],"collection":[{"href":"https:\/\/primicias2262.com\/noticias\/wp-json\/wp\/v2\/posts"}],"about":[{"href":"https:\/\/primicias2262.com\/noticias\/wp-json\/wp\/v2\/types\/post"}],"author":[{"embeddable":true,"href":"https:\/\/primicias2262.com\/noticias\/wp-json\/wp\/v2\/users\/3"}],"replies":[{"embeddable":true,"href":"https:\/\/primicias2262.com\/noticias\/wp-json\/wp\/v2\/comments?post=91903"}],"version-history":[{"count":0,"href":"https:\/\/primicias2262.com\/noticias\/wp-json\/wp\/v2\/posts\/91903\/revisions"}],"wp:attachment":[{"href":"https:\/\/primicias2262.com\/noticias\/wp-json\/wp\/v2\/media?parent=91903"}],"wp:term":[{"taxonomy":"category","embeddable":true,"href":"https:\/\/primicias2262.com\/noticias\/wp-json\/wp\/v2\/categories?post=91903"},{"taxonomy":"post_tag","embeddable":true,"href":"https:\/\/primicias2262.com\/noticias\/wp-json\/wp\/v2\/tags?post=91903"}],"curies":[{"name":"wp","href":"https:\/\/api.w.org\/{rel}","templated":true}]}}