{"id":91911,"date":"2022-07-23T17:24:00","date_gmt":"2022-07-23T20:24:00","guid":{"rendered":"https:\/\/primicias2262.com\/?p=91911"},"modified":"2022-07-23T17:24:00","modified_gmt":"2022-07-23T20:24:00","slug":"la-carpa-tuvo-una-gran-afluencia-y-anuncian-la-misma-dinamica-para-la-semana-venidera","status":"publish","type":"post","link":"https:\/\/primicias2262.com\/noticias\/la-carpa-tuvo-una-gran-afluencia-y-anuncian-la-misma-dinamica-para-la-semana-venidera\/","title":{"rendered":"La carpa tuvo una gran afluencia y anuncian la misma din\u00e1mica para la semana venidera"},"content":{"rendered":"<p><strong>La Plaza Dardo Rocha es eje de encuentro para los ni\u00f1os y sus familias durante el receso escolar de invierno, con espect\u00e1culos y talleres gratuitos en la estructura instalada frente al municipio.<\/strong><\/p>\n<p>La primera semana del receso escolar de invierno pas\u00f3 con una masiva afluencia diaria de ni\u00f1os y mayores en la carpa de Barrio Cultura en la Plaza Dardo Rocha, quienes disfrutaron de la propuesta gratuita de espect\u00e1culos y talleres desarrollada cada tarde en la estructura frente al municipio.<\/p>\n<p>Es por ello que a modo de balance de la primera mitad cumplida, el director de Cultura, Juan Gamba, destac\u00f3 que \u201cpodemos estar m\u00e1s que orgullosos con solo mirar la fila de chicos que hay todos los d\u00edas para entrar a ver los espect\u00e1culos y los talleres, y eso es realmente en lo que nos tenemos que basar para saber si dio resultado o no\u201d.<\/p>\n<p>El funcionario se\u00f1al\u00f3 que el clima acompa\u00f1\u00f3 mucho y resalt\u00f3 el trabajo en conjunto entre el \u00e1rea de Protocolo y las Direcciones de Deportes, Educaci\u00f3n y Cultura. \u201cEl esfuerzo en conjunto hace que todo sea m\u00e1s f\u00e1cil y que el resultado sea positivo\u201d, y en miras a lo que viene para el fin de semana y durante la segunda semana del receso anticip\u00f3 que la din\u00e1mica ser\u00e1 exactamente igual.<\/p>\n<p>\u201cCambian algunos espect\u00e1culos, pero tenemos la misma din\u00e1mica hasta el pr\u00f3ximo domingo 31\u201d, sostuvo en referencia a que habr\u00e1 espect\u00e1culos y talleres a diario a partir de las 14 o 15 horas, y dej\u00f3 entrever que \u201cel lunes vamos a tener cine, vamos a incursionar en ese g\u00e9nero tambi\u00e9n\u201d.<\/p>\n<p>Asimismo, cuando fue consultado acerca de posibles lluvias que se pronostican para la semana que viene, Gamba expres\u00f3 que \u201cestamos previendo ese tema con la gente del sonido y la decisi\u00f3n ser\u00e1 minuto a minuto. La carpa es techada, adentro no se llueve y si vienen chicos haremos actividad\u201d.<\/p>\n<p><strong>As\u00ed contin\u00faan las actividades gratuitas de la carpa la semana pr\u00f3xima:<\/strong><\/p>\n<p><a href=\"https:\/\/primicias2262.com\/wp-content\/uploads\/2022\/07\/Placa.jpg\"><img loading=\"lazy\" decoding=\"async\" class=\"aligncenter size-large wp-image-91912\" src=\"https:\/\/primicias2262.com\/wp-content\/uploads\/2022\/07\/Placa-1024x1024.jpg\" alt=\"\" width=\"696\" height=\"696\" \/><\/a><\/p>\n","protected":false},"excerpt":{"rendered":"<p>La Plaza Dardo Rocha es eje de encuentro para los ni\u00f1os y sus familias durante el receso escolar de invierno, con espect\u00e1culos y talleres gratuitos en la estructura instalada frente al municipio. La primera semana del receso escolar de invierno pas\u00f3 con una masiva afluencia diaria de ni\u00f1os y mayores en la carpa de Barrio [&hellip;]<\/p>\n","protected":false},"author":3,"featured_media":91913,"comment_status":"closed","ping_status":"closed","sticky":false,"template":"","format":"standard","meta":{"footnotes":""},"categories":[3],"tags":[],"class_list":["post-91911","post","type-post","status-publish","format-standard","has-post-thumbnail","category-masnoticias"],"_links":{"self":[{"href":"https:\/\/primicias2262.com\/noticias\/wp-json\/wp\/v2\/posts\/91911","targetHints":{"allow":["GET"]}}],"collection":[{"href":"https:\/\/primicias2262.com\/noticias\/wp-json\/wp\/v2\/posts"}],"about":[{"href":"https:\/\/primicias2262.com\/noticias\/wp-json\/wp\/v2\/types\/post"}],"author":[{"embeddable":true,"href":"https:\/\/primicias2262.com\/noticias\/wp-json\/wp\/v2\/users\/3"}],"replies":[{"embeddable":true,"href":"https:\/\/primicias2262.com\/noticias\/wp-json\/wp\/v2\/comments?post=91911"}],"version-history":[{"count":0,"href":"https:\/\/primicias2262.com\/noticias\/wp-json\/wp\/v2\/posts\/91911\/revisions"}],"wp:attachment":[{"href":"https:\/\/primicias2262.com\/noticias\/wp-json\/wp\/v2\/media?parent=91911"}],"wp:term":[{"taxonomy":"category","embeddable":true,"href":"https:\/\/primicias2262.com\/noticias\/wp-json\/wp\/v2\/categories?post=91911"},{"taxonomy":"post_tag","embeddable":true,"href":"https:\/\/primicias2262.com\/noticias\/wp-json\/wp\/v2\/tags?post=91911"}],"curies":[{"name":"wp","href":"https:\/\/api.w.org\/{rel}","templated":true}]}}