{"id":91915,"date":"2022-07-23T17:42:40","date_gmt":"2022-07-23T20:42:40","guid":{"rendered":"https:\/\/primicias2262.com\/?p=91915"},"modified":"2022-07-23T17:42:40","modified_gmt":"2022-07-23T20:42:40","slug":"subsidios-de-luz-y-gas-todos-tienen-que-inscribirse-afirmo-silvia-jensen","status":"publish","type":"post","link":"https:\/\/primicias2262.com\/noticias\/subsidios-de-luz-y-gas-todos-tienen-que-inscribirse-afirmo-silvia-jensen\/","title":{"rendered":"Subsidios de luz y gas: \u201cTodos tienen que inscribirse\u201d, afirm\u00f3 Silvia Jensen"},"content":{"rendered":"<p>La actual secretaria del Concejo Deliberante, Silvia Jensen, quien milita desde hace a\u00f1os como referente local de la red nacional Multisectorial, y desde el a\u00f1o anterior en el \u00e1mbito local \u201cEspacio en Com\u00fan\u201d, brind\u00f3 un claro asesoramiento en el aire de \u201cVoces de la Ciudad\u201d de c\u00f3mo ser parte del programa RASE (Registro de Acceso a los Subsidios a la Energ\u00eda), y contar con la segmentaci\u00f3n de tarifas de luz y gas.<\/p>\n<p>Con tono enf\u00e1tico, Jensen comenz\u00f3 afirmando que \u201ctodos tienen que inscribirse\u2026 todos aquellos del grupo familiar que tengan un ingreso menor a 348 mil pesos, es decir que van a perder el subsidio quienes est\u00e9n por encima de esos montos o que tengan m\u00e1s de tres viviendas a su nombre\u201d, para a\u00f1adir que \u201cpor ah\u00ed la gente no se enter\u00f3 o no entiende qu\u00e9 significa, y es que la implementaci\u00f3n de la medida es desacertada y no se ha comunicado bien\u201d.<\/p>\n<p>Diferenci\u00f3 que \u201cla tarifa social es otra cosa, esto se trata del subsidio que est\u00e1 incorporado al precio del kilowatt o del metro c\u00fabico, es decir, no est\u00e1 discriminado, est\u00e1 dentro del precio y te ten\u00e9s que inscribir para pagar lo mismo, porque si lo perd\u00e9s, el aumento va ser casi del 200%, por eso le insisto a la gente que no dejen de anotarse\u2026 no pierden nada es un ratito y no cuesta nada\u201d.<\/p>\n<p>Insisti\u00f3 en que \u201ces una medida que no se ha comunicado bien y la gente no logra interpretar, piensan que con la zona fr\u00eda o la tarifa social ya est\u00e1, se les mezcla todo, entonces lo importante es saber es que tienen que anotarse todos\u2026 despu\u00e9s si te rechaza el sistema es otra cosa, pero an\u00f3tense todos\u201d, dejando en claro, incluso, que \u201cel medidor no tiene que estar a tu nombre espec\u00edficamente para inscribirte\u201d.<\/p>\n<p>Para inscribirse al RASE (hay tiempo hasta el pr\u00f3ximo martes 26), Jensen inform\u00f3 que \u201cpod\u00e9s hacerlo desde tu casa a trav\u00e9s de la p\u00e1gina Mi Argentina o de la Secretar\u00eda de Energ\u00eda; se solicita factura de luz, gas, DNI, N\u00ba de cuil propio y de las personas que viven en la casa, y otros datos simples como tus ingresos, si ten\u00e9s auto, un correo electr\u00f3nico y no es mucho m\u00e1s complejo que eso\u201d.<\/p>\n<p>En tanto, para la gente que no puede acceder de forma virtual, Espacio en Com\u00fan est\u00e1 a disposici\u00f3n para anotar y asesorar, en calle 66 N\u00ba 3256, entre 65 y 67. \u201cS\u00f3lo ten\u00e9s que llevar la factura de luz y gas y el DNI\u201d, aclar\u00f3 Jensen, para informar que \u201cdurante estos d\u00edas hay una cola impresionante en el local, pero porque la implementaci\u00f3n de la medida es desacertada, lo ideal y m\u00e1s sencillo hubiera sido que cruzaran los datos, y no le complicabas la vida a la gente de esta manera\u201d.<\/p>\n<p>Vale informar tambi\u00e9n que, quienes quieran pedir una revisi\u00f3n de su servicio para no perder los subsidios de luz y gas, deben ingresar a la web oficial (argentina.gob.ar\/subsidios) o a la aplicaci\u00f3n Mi Argentina para completar el formulario RASE, aunque el tr\u00e1mite tambi\u00e9n se puede realizar de forma presencial en las oficinas de ANSES. La segmentaci\u00f3n de tarifas comenzar\u00e1 a regir el 1 de agosto.<\/p>\n","protected":false},"excerpt":{"rendered":"<p>La actual secretaria del Concejo Deliberante, Silvia Jensen, quien milita desde hace a\u00f1os como referente local de la red nacional Multisectorial, y desde el a\u00f1o anterior en el \u00e1mbito local \u201cEspacio en Com\u00fan\u201d, brind\u00f3 un claro asesoramiento en el aire de \u201cVoces de la Ciudad\u201d de c\u00f3mo ser parte del programa RASE (Registro de Acceso [&hellip;]<\/p>\n","protected":false},"author":3,"featured_media":91916,"comment_status":"closed","ping_status":"closed","sticky":false,"template":"","format":"standard","meta":{"footnotes":""},"categories":[3],"tags":[],"class_list":["post-91915","post","type-post","status-publish","format-standard","has-post-thumbnail","category-masnoticias"],"_links":{"self":[{"href":"https:\/\/primicias2262.com\/noticias\/wp-json\/wp\/v2\/posts\/91915","targetHints":{"allow":["GET"]}}],"collection":[{"href":"https:\/\/primicias2262.com\/noticias\/wp-json\/wp\/v2\/posts"}],"about":[{"href":"https:\/\/primicias2262.com\/noticias\/wp-json\/wp\/v2\/types\/post"}],"author":[{"embeddable":true,"href":"https:\/\/primicias2262.com\/noticias\/wp-json\/wp\/v2\/users\/3"}],"replies":[{"embeddable":true,"href":"https:\/\/primicias2262.com\/noticias\/wp-json\/wp\/v2\/comments?post=91915"}],"version-history":[{"count":0,"href":"https:\/\/primicias2262.com\/noticias\/wp-json\/wp\/v2\/posts\/91915\/revisions"}],"wp:attachment":[{"href":"https:\/\/primicias2262.com\/noticias\/wp-json\/wp\/v2\/media?parent=91915"}],"wp:term":[{"taxonomy":"category","embeddable":true,"href":"https:\/\/primicias2262.com\/noticias\/wp-json\/wp\/v2\/categories?post=91915"},{"taxonomy":"post_tag","embeddable":true,"href":"https:\/\/primicias2262.com\/noticias\/wp-json\/wp\/v2\/tags?post=91915"}],"curies":[{"name":"wp","href":"https:\/\/api.w.org\/{rel}","templated":true}]}}