{"id":91945,"date":"2022-07-24T17:42:00","date_gmt":"2022-07-24T20:42:00","guid":{"rendered":"https:\/\/primicias2262.com\/?p=91945"},"modified":"2022-07-24T17:42:00","modified_gmt":"2022-07-24T20:42:00","slug":"el-club-ministerio-celebrara-sus-96-anos-con-una-gran-cena-baile-para-300-personas","status":"publish","type":"post","link":"https:\/\/primicias2262.com\/noticias\/el-club-ministerio-celebrara-sus-96-anos-con-una-gran-cena-baile-para-300-personas\/","title":{"rendered":"El Club Ministerio celebrar\u00e1 sus 96 a\u00f1os con una gran cena baile para 300 personas"},"content":{"rendered":"<p>Si bien el aniversario del Decano de Quequ\u00e9n fue el pasado 22 de julio, su presidente Mario Wilghenoff confirm\u00f3 al aire de \u201cVoces de la Ciudad\u201d que la celebraci\u00f3n ser\u00e1 el s\u00e1bado 13 de agosto en el Polideportivo Luz y Fuerza, en la ribera.<\/p>\n<p>En los estudios de la radio, el titular de Ministerio expres\u00f3 en nota con el periodista Jorge G\u00f3mez que \u201cel a\u00f1o pasado se cumplieron 95 a\u00f1os del club y la pandemia no nos permiti\u00f3 poder festejarlo como quer\u00edamos, y ahora que ya no hay casi restricciones vamos a festejar los dos juntos, los 95 y los 96 a\u00f1os\u201d.<\/p>\n<p>Camino a la velada del 13 de agosto, Wilghenoff apunt\u00f3 que \u201cvenimos bastante bien con la venta de entradas, ser\u00e1 una fiesta para unas 300 personas, que tendr\u00e1 un men\u00fa con entrada de rusa con fiambres, carnes asadas y chorizos con distintas ensaladas, helado de postre y la torta de aniversario\u201d.<\/p>\n<p>La entrada general para la cena ser\u00e1 de 2500 pesos y 2300 para los asociados, aunque no est\u00e1 incluida la bebida y la misma se comprar\u00e1 en el servicio de cantina. En tanto, la fiesta ser\u00e1 animada a trav\u00e9s del show de Alejo \u00c1lvarez.<\/p>\n<p>Al ser consultado por c\u00f3mo est\u00e1 la vida institucional y deportiva de Ministerio, el presidente se\u00f1al\u00f3 que \u201cen lo futbol\u00edstico venimos un poco golpeados por la renuncia de Alejandro Barber\u00f3n y Miguel L\u00f3pez, y ahora estamos con Hern\u00e1n Casais y su equipo\u201d, y desde lo personal asegur\u00f3 que \u201choy estoy 100% para el club hoy\u201d.<\/p>\n<p>En tal sentido, anhel\u00f3 que \u201cMinisterio es un club que est\u00e1 pr\u00f3ximo a cumplir 100 a\u00f1os y que por ahora s\u00f3lo ha tenido f\u00fatbol, y me encantar\u00eda que tenga espacio para otras actividades, pero eso hay que construirlo para que se puedan desarrollar. Hay que seguir gestionando y so\u00f1ando, con el acompa\u00f1amiento de la gente, y qui\u00e9n te dice que no podamos lograrlo\u201d.<\/p>\n","protected":false},"excerpt":{"rendered":"<p>Si bien el aniversario del Decano de Quequ\u00e9n fue el pasado 22 de julio, su presidente Mario Wilghenoff confirm\u00f3 al aire de \u201cVoces de la Ciudad\u201d que la celebraci\u00f3n ser\u00e1 el s\u00e1bado 13 de agosto en el Polideportivo Luz y Fuerza, en la ribera. En los estudios de la radio, el titular de Ministerio expres\u00f3 [&hellip;]<\/p>\n","protected":false},"author":3,"featured_media":91946,"comment_status":"closed","ping_status":"closed","sticky":false,"template":"","format":"standard","meta":{"footnotes":""},"categories":[3],"tags":[],"class_list":["post-91945","post","type-post","status-publish","format-standard","has-post-thumbnail","category-masnoticias"],"_links":{"self":[{"href":"https:\/\/primicias2262.com\/noticias\/wp-json\/wp\/v2\/posts\/91945","targetHints":{"allow":["GET"]}}],"collection":[{"href":"https:\/\/primicias2262.com\/noticias\/wp-json\/wp\/v2\/posts"}],"about":[{"href":"https:\/\/primicias2262.com\/noticias\/wp-json\/wp\/v2\/types\/post"}],"author":[{"embeddable":true,"href":"https:\/\/primicias2262.com\/noticias\/wp-json\/wp\/v2\/users\/3"}],"replies":[{"embeddable":true,"href":"https:\/\/primicias2262.com\/noticias\/wp-json\/wp\/v2\/comments?post=91945"}],"version-history":[{"count":0,"href":"https:\/\/primicias2262.com\/noticias\/wp-json\/wp\/v2\/posts\/91945\/revisions"}],"wp:attachment":[{"href":"https:\/\/primicias2262.com\/noticias\/wp-json\/wp\/v2\/media?parent=91945"}],"wp:term":[{"taxonomy":"category","embeddable":true,"href":"https:\/\/primicias2262.com\/noticias\/wp-json\/wp\/v2\/categories?post=91945"},{"taxonomy":"post_tag","embeddable":true,"href":"https:\/\/primicias2262.com\/noticias\/wp-json\/wp\/v2\/tags?post=91945"}],"curies":[{"name":"wp","href":"https:\/\/api.w.org\/{rel}","templated":true}]}}