{"id":91951,"date":"2022-07-24T17:49:37","date_gmt":"2022-07-24T20:49:37","guid":{"rendered":"https:\/\/primicias2262.com\/?p=91951"},"modified":"2022-07-24T17:49:37","modified_gmt":"2022-07-24T20:49:37","slug":"los-dirigentes-de-las-bibliotecas-estan-muy-gratificados-por-el-fondo-de-sostenimiento","status":"publish","type":"post","link":"https:\/\/primicias2262.com\/noticias\/los-dirigentes-de-las-bibliotecas-estan-muy-gratificados-por-el-fondo-de-sostenimiento\/","title":{"rendered":"\u201cLos dirigentes de las bibliotecas est\u00e1n muy gratificados por el fondo de sostenimiento\u201d"},"content":{"rendered":"<p>As\u00ed lo destac\u00f3 el director municipal de Relaciones con la Comunidad, Ger\u00f3nimo Gallegos, en referencia a la asignaci\u00f3n que por ordenanza municipal 9687\/18 se destina para las cuatro bibliotecas del distrito: la \u201cAndr\u00e9s Ferreyra\u201d del Centro Cultural, la Popular de Quequ\u00e9n, la \u201cPopular Sarmiento\u201d de Barrio Puerto y la \u201cJos\u00e9 Hern\u00e1ndez\u201d de Juan N. Fern\u00e1ndez.<\/p>\n<p>En la ma\u00f1ana de \u201cVoces de la Ciudad\u201d, y ante la consulta telef\u00f3nica del periodista Carlos Gonz\u00e1lez Oron\u00f3, Gallegos se\u00f1al\u00f3 que \u201cesto trata sobre el fondo de sostenimiento de las bibliotecas populares, que fue propuesto por el hoy concejal Jorge Mart\u00ednez y es muy interesante para darle un apoyo econ\u00f3mico a estos centros que tanto hacen por nuestra comunidad\u201d.<\/p>\n<p>Describi\u00f3 al instante que \u201ccada una de ellas por ordenanza tienen un importe ya establecido y cuando nos reunimos estaban sumamente gratificadas porque no lo esperaban, se sorprendieron que llevemos a cabo esta muy buena iniciativa\u201d.<\/p>\n<p>A modo de informaci\u00f3n, describi\u00f3 el funcionario que \u201cvan a percibir un porcentaje de todas las concesiones que surgen del a\u00f1o 2019 en adelante, entre un 15 y 20% de los c\u00e1nones de las mismas, y las beneficiarias son las cuatro bibliotecas del distrito: la Popular Andr\u00e9s Ferreyra, la Popular de Quequ\u00e9n, la Juan Hern\u00e1ndez de Juan N. Fern\u00e1ndez y la Biblioteca Popular Sarmiento de Barrio Puerto\u201d.<\/p>\n<p>\u201cEl porcentaje para cada biblioteca difiere, tiene que ver con la infraestructura y la cantidad de socios de cada una. Un 45% es para la Ferreyra, un 26% para la de Quequ\u00e9n, un 18% para la de JNF y un 11% para la del Puerto, y el monto total oscila los 450 mil pesos a distribuir entre las cuatro, lo cual para ellos es una bocanada de aire fresco para las cargas sociales y dem\u00e1s pagos que deben cumplir, culmin\u00f3 Gallegos.<\/p>\n<p>Del lado de los beneficiarios, Juan Marraro, presidente de la Biblioteca Popular Andr\u00e9s Ferreyra, admiti\u00f3 que \u201cla verdad es que esto nos vino como anillo al dedo porque como en cualquier econom\u00eda familiar, los costos se disparan en este contexto social\u201d para subrayar que \u201cpor el rol social que cumplimos las cuatro bibliotecas, los recursos quedan escasos e insuficientes muchas veces, por eso todo aporte lo agradecemos\u201d.<\/p>\n","protected":false},"excerpt":{"rendered":"<p>As\u00ed lo destac\u00f3 el director municipal de Relaciones con la Comunidad, Ger\u00f3nimo Gallegos, en referencia a la asignaci\u00f3n que por ordenanza municipal 9687\/18 se destina para las cuatro bibliotecas del distrito: la \u201cAndr\u00e9s Ferreyra\u201d del Centro Cultural, la Popular de Quequ\u00e9n, la \u201cPopular Sarmiento\u201d de Barrio Puerto y la \u201cJos\u00e9 Hern\u00e1ndez\u201d de Juan N. Fern\u00e1ndez. [&hellip;]<\/p>\n","protected":false},"author":3,"featured_media":76697,"comment_status":"closed","ping_status":"closed","sticky":false,"template":"","format":"standard","meta":{"footnotes":""},"categories":[3],"tags":[],"class_list":["post-91951","post","type-post","status-publish","format-standard","has-post-thumbnail","category-masnoticias"],"_links":{"self":[{"href":"https:\/\/primicias2262.com\/noticias\/wp-json\/wp\/v2\/posts\/91951","targetHints":{"allow":["GET"]}}],"collection":[{"href":"https:\/\/primicias2262.com\/noticias\/wp-json\/wp\/v2\/posts"}],"about":[{"href":"https:\/\/primicias2262.com\/noticias\/wp-json\/wp\/v2\/types\/post"}],"author":[{"embeddable":true,"href":"https:\/\/primicias2262.com\/noticias\/wp-json\/wp\/v2\/users\/3"}],"replies":[{"embeddable":true,"href":"https:\/\/primicias2262.com\/noticias\/wp-json\/wp\/v2\/comments?post=91951"}],"version-history":[{"count":0,"href":"https:\/\/primicias2262.com\/noticias\/wp-json\/wp\/v2\/posts\/91951\/revisions"}],"wp:attachment":[{"href":"https:\/\/primicias2262.com\/noticias\/wp-json\/wp\/v2\/media?parent=91951"}],"wp:term":[{"taxonomy":"category","embeddable":true,"href":"https:\/\/primicias2262.com\/noticias\/wp-json\/wp\/v2\/categories?post=91951"},{"taxonomy":"post_tag","embeddable":true,"href":"https:\/\/primicias2262.com\/noticias\/wp-json\/wp\/v2\/tags?post=91951"}],"curies":[{"name":"wp","href":"https:\/\/api.w.org\/{rel}","templated":true}]}}