{"id":91953,"date":"2022-07-24T17:52:49","date_gmt":"2022-07-24T20:52:49","guid":{"rendered":"https:\/\/primicias2262.com\/?p=91953"},"modified":"2022-07-24T17:52:49","modified_gmt":"2022-07-24T20:52:49","slug":"una-familia-tipo-necesita-ingresos-mensuales-por-102-mil-pesos-para-no-ser-pobre","status":"publish","type":"post","link":"https:\/\/primicias2262.com\/noticias\/una-familia-tipo-necesita-ingresos-mensuales-por-102-mil-pesos-para-no-ser-pobre\/","title":{"rendered":"\u201cUna familia tipo necesita ingresos mensuales por 102 mil pesos para no ser pobre\u201d"},"content":{"rendered":"<p>As\u00ed lo subray\u00f3 Javier Collia, integrante de la consultora Bicentenario, que todos los meses realiza una medici\u00f3n, fundamentalmente con respecto a la Canasta B\u00e1sica de Alimentos en Necochea.<\/p>\n<p>Dando cuenta de la muy dura realidad econ\u00f3mica del pa\u00eds, con la inflaci\u00f3n en crecida, Collia sostuvo en \u201cVoces de la Ciudad\u201d durante una nota realizada por el periodista Jorge G\u00f3mez que \u201cla inflaci\u00f3n es un promedio de lo que se saca, y nos da que en junio los alimentos aumentaron un 5.38 %\u201d.<\/p>\n<p>As\u00ed las cosas, inform\u00f3 que actualmente \u201cuna familia tipo de dos adultos y dos menores necesita tener ingreso por mes de 102 mil pesos para no ser considerada pobre; menos de 102 hasta 52 mil son pobres, y quienes no lleguen a los 52 mil pesos se lo considera dentro de la indigencia\u201d.<\/p>\n<p>Acerca de la inflaci\u00f3n, compar\u00f3 que \u201cinteranualmente nos daba un 60 %, pero en estos meses nos dio un 41% y proyectado todo el a\u00f1o es de casi un 90%\u201d, a lo que agreg\u00f3 que \u201cla inflaci\u00f3n es un impuesto que sufre la gente de menores recursos, y hoy para ser considerado de clase media ten\u00e9s que percibir ingresos por 300 mil pesos\u201d.<\/p>\n<p>Finalmente, se\u00f1al\u00f3 que a nivel local \u201crelevamos 59 art\u00edculos de la Canasta B\u00e1sica y en la primera semana de julio hubo una suba en promedio del 2,4% de algunos alimentos, y otros alimentos subieron m\u00e1s que eso. En estas \u00faltimas dos semanas se va a estabilizar el valor y seguramente sea el m\u00e1s alto del a\u00f1o, seguramente de un 7%, creo que hay que tomar decisiones definitivas, para no seguir siempre con paliativos\u201d.<\/p>\n","protected":false},"excerpt":{"rendered":"<p>As\u00ed lo subray\u00f3 Javier Collia, integrante de la consultora Bicentenario, que todos los meses realiza una medici\u00f3n, fundamentalmente con respecto a la Canasta B\u00e1sica de Alimentos en Necochea. Dando cuenta de la muy dura realidad econ\u00f3mica del pa\u00eds, con la inflaci\u00f3n en crecida, Collia sostuvo en \u201cVoces de la Ciudad\u201d durante una nota realizada por [&hellip;]<\/p>\n","protected":false},"author":3,"featured_media":91954,"comment_status":"closed","ping_status":"closed","sticky":false,"template":"","format":"standard","meta":{"footnotes":""},"categories":[3],"tags":[],"class_list":["post-91953","post","type-post","status-publish","format-standard","has-post-thumbnail","category-masnoticias"],"_links":{"self":[{"href":"https:\/\/primicias2262.com\/noticias\/wp-json\/wp\/v2\/posts\/91953","targetHints":{"allow":["GET"]}}],"collection":[{"href":"https:\/\/primicias2262.com\/noticias\/wp-json\/wp\/v2\/posts"}],"about":[{"href":"https:\/\/primicias2262.com\/noticias\/wp-json\/wp\/v2\/types\/post"}],"author":[{"embeddable":true,"href":"https:\/\/primicias2262.com\/noticias\/wp-json\/wp\/v2\/users\/3"}],"replies":[{"embeddable":true,"href":"https:\/\/primicias2262.com\/noticias\/wp-json\/wp\/v2\/comments?post=91953"}],"version-history":[{"count":0,"href":"https:\/\/primicias2262.com\/noticias\/wp-json\/wp\/v2\/posts\/91953\/revisions"}],"wp:attachment":[{"href":"https:\/\/primicias2262.com\/noticias\/wp-json\/wp\/v2\/media?parent=91953"}],"wp:term":[{"taxonomy":"category","embeddable":true,"href":"https:\/\/primicias2262.com\/noticias\/wp-json\/wp\/v2\/categories?post=91953"},{"taxonomy":"post_tag","embeddable":true,"href":"https:\/\/primicias2262.com\/noticias\/wp-json\/wp\/v2\/tags?post=91953"}],"curies":[{"name":"wp","href":"https:\/\/api.w.org\/{rel}","templated":true}]}}