{"id":91956,"date":"2022-07-24T22:58:07","date_gmt":"2022-07-25T01:58:07","guid":{"rendered":"https:\/\/primicias2262.com\/?p=91956"},"modified":"2022-07-24T22:58:07","modified_gmt":"2022-07-25T01:58:07","slug":"se-aguarda-el-cese-de-alerta-y-la-autorizacion-de-vuelos-para-poder-trasladar-a-jorge-moyano","status":"publish","type":"post","link":"https:\/\/primicias2262.com\/noticias\/se-aguarda-el-cese-de-alerta-y-la-autorizacion-de-vuelos-para-poder-trasladar-a-jorge-moyano\/","title":{"rendered":"Se aguarda el cese de alerta y la autorizaci\u00f3n de vuelos para poder trasladar a Jorge Moyano"},"content":{"rendered":"<p><strong>El necochense de 24 a\u00f1os, Jorge Moyano, est\u00e1 muy delicado de salud tras intentar quitarse la vida el s\u00e1bado cuando se roci\u00f3 con nafta y se prendi\u00f3 fuego, raz\u00f3n por la cual result\u00f3 con el 80% del cuerpo quemado.<\/strong><\/p>\n<p>Esta noche, el municipio public\u00f3 al respecto el siguiente comunicado:<\/p>\n<p><strong>\u00abAtento a la situaci\u00f3n de p\u00fablico conocimiento suscitada en las \u00faltimas horas en el Hospital \u201cEmilio Ferreyra\u201d, con el joven que ingres\u00f3 en estado cr\u00edtico luego de intentar quitarse la vida en la noche del s\u00e1bado, el Intendente Arturo Rojas y el \u00e1rea de Salud solicitaron ante el gobernador de la Provincia de Buenos Aires, Axel Kicillof, y el ministro de salud Nicol\u00e1s Kreplak, el\u00a0 traslado del paciente a un nosocomio especializado acorde a su patolog\u00eda, tras lo cual se logr\u00f3 conseguir una cama en el Hospital de Alta Complejidad del Bicentenario de\u00a0 Esteban Echeverr\u00eda para este lunes.<\/strong><\/p>\n<p><strong>Asimismo, por el estado delicado de salud del paciente, el traslado del mismo debe ser realizado en un vuelo sanitario, dependiendo esto \u00faltimo de la situaci\u00f3n meteorol\u00f3gica de alerta, la cual ha motivado que en el d\u00eda de la fecha no sean autorizados los vuelos\u00bb.<\/strong><\/p>\n","protected":false},"excerpt":{"rendered":"<p>El necochense de 24 a\u00f1os, Jorge Moyano, est\u00e1 muy delicado de salud tras intentar quitarse la vida el s\u00e1bado cuando se roci\u00f3 con nafta y se prendi\u00f3 fuego, raz\u00f3n por la cual result\u00f3 con el 80% del cuerpo quemado. Esta noche, el municipio public\u00f3 al respecto el siguiente comunicado: \u00abAtento a la situaci\u00f3n de p\u00fablico [&hellip;]<\/p>\n","protected":false},"author":3,"featured_media":76532,"comment_status":"closed","ping_status":"closed","sticky":false,"template":"","format":"standard","meta":{"footnotes":""},"categories":[3],"tags":[],"class_list":["post-91956","post","type-post","status-publish","format-standard","has-post-thumbnail","category-masnoticias"],"_links":{"self":[{"href":"https:\/\/primicias2262.com\/noticias\/wp-json\/wp\/v2\/posts\/91956","targetHints":{"allow":["GET"]}}],"collection":[{"href":"https:\/\/primicias2262.com\/noticias\/wp-json\/wp\/v2\/posts"}],"about":[{"href":"https:\/\/primicias2262.com\/noticias\/wp-json\/wp\/v2\/types\/post"}],"author":[{"embeddable":true,"href":"https:\/\/primicias2262.com\/noticias\/wp-json\/wp\/v2\/users\/3"}],"replies":[{"embeddable":true,"href":"https:\/\/primicias2262.com\/noticias\/wp-json\/wp\/v2\/comments?post=91956"}],"version-history":[{"count":0,"href":"https:\/\/primicias2262.com\/noticias\/wp-json\/wp\/v2\/posts\/91956\/revisions"}],"wp:attachment":[{"href":"https:\/\/primicias2262.com\/noticias\/wp-json\/wp\/v2\/media?parent=91956"}],"wp:term":[{"taxonomy":"category","embeddable":true,"href":"https:\/\/primicias2262.com\/noticias\/wp-json\/wp\/v2\/categories?post=91956"},{"taxonomy":"post_tag","embeddable":true,"href":"https:\/\/primicias2262.com\/noticias\/wp-json\/wp\/v2\/tags?post=91956"}],"curies":[{"name":"wp","href":"https:\/\/api.w.org\/{rel}","templated":true}]}}