{"id":91961,"date":"2022-07-25T12:35:44","date_gmt":"2022-07-25T15:35:44","guid":{"rendered":"https:\/\/primicias2262.com\/?p=91961"},"modified":"2022-07-25T12:35:44","modified_gmt":"2022-07-25T15:35:44","slug":"el-cooperativismo-es-una-alternativa-a-la-enorme-falta-de-trabajo-que-hay-en-esta-ciudad","status":"publish","type":"post","link":"https:\/\/primicias2262.com\/noticias\/el-cooperativismo-es-una-alternativa-a-la-enorme-falta-de-trabajo-que-hay-en-esta-ciudad\/","title":{"rendered":"\u201cEl cooperativismo es una alternativa a la enorme falta de trabajo que hay en esta ciudad\u201d"},"content":{"rendered":"<p>As\u00ed lo afirm\u00f3 el referente local del INAES (Instituto Nacional de Asociativismo y Econom\u00eda Social), Diego Britos, quien adem\u00e1s carg\u00f3 contra el Estado al expresar que \u201cfalta que haga un convenio digno para los cooperativistas y los reconozca como trabajadores\u201d.<\/p>\n<p>En su visita a los estudios de \u201cVoces de la Ciudad\u201d, el dirigente en cuesti\u00f3n habl\u00f3 de varios temas, y ante la consulta sobre la actualidad del sector, se\u00f1al\u00f3 que \u201chemos generado una din\u00e1mica del sector cooperativo que le permite desarrollar distintas actividades de manera espont\u00e1nea y tener un n\u00famero de gente interesada en la tem\u00e1tica\u201d.<\/p>\n<p>Ampli\u00f3 al respecto que \u201cnuestra tarea desde el INAES es tratar de difundir m\u00e1s c\u00f3mo se conforma una cooperativa y de qu\u00e9 manera, estamos abiertos a difundir el ideal de cooperativismo genuino y c\u00f3mo a trav\u00e9s de \u00e9ste se realizan un mont\u00f3n de servicios a la comunidad\u201d. En ese sentido, \u201ces interesante el modelo cooperativo para pensarlo y debatirlo, y como una alternativa a la enorme falta de trabajo que hay en la ciudad\u201d, afirm\u00f3.<\/p>\n<p>Es m\u00e1s, cuando se le pregunt\u00f3 por las cooperativas de barrio en la ciudad, Britos aceler\u00f3 y enfatiz\u00f3 que \u201clas cooperativas han ido regularizando su situaci\u00f3n ante el INAES y tienen matr\u00edcula vigente, pero ahora falta que el Estado haga un convenio digno para ellos y que los reconozca como trabajadores dignos que les permita tener un mayor desarrollo\u201d.<\/p>\n<p>\u201cHoy en d\u00eda el convenio que firman es de 800 pesos por hora y 8 mil pesos por quincena\u2026 no es digno, la pol\u00edtica tradicional no est\u00e1 entendiendo c\u00f3mo funcionan los movimientos populares con la econom\u00eda popular, as\u00ed que pretendemos que se trate con dignidad a todos los trabajadores, m\u00e1s que nada a los que est\u00e1n debajo de la l\u00ednea de decencia\u201d argument\u00f3 con cierto tono cr\u00edtico.<\/p>\n<p>Finalmente, acot\u00f3 Britos que \u201cmuchas veces hay un ideal tergiversado de lo que es la cooperativa, entonces nos gusta charlar con las personas sobre el marco legal de las cooperativas, para qu\u00e9 funcionan y qu\u00e9 beneficios pueden tener si se hacen las cosas bien\u201d.<\/p>\n","protected":false},"excerpt":{"rendered":"<p>As\u00ed lo afirm\u00f3 el referente local del INAES (Instituto Nacional de Asociativismo y Econom\u00eda Social), Diego Britos, quien adem\u00e1s carg\u00f3 contra el Estado al expresar que \u201cfalta que haga un convenio digno para los cooperativistas y los reconozca como trabajadores\u201d. En su visita a los estudios de \u201cVoces de la Ciudad\u201d, el dirigente en cuesti\u00f3n [&hellip;]<\/p>\n","protected":false},"author":3,"featured_media":91861,"comment_status":"closed","ping_status":"closed","sticky":false,"template":"","format":"standard","meta":{"footnotes":""},"categories":[3],"tags":[],"class_list":["post-91961","post","type-post","status-publish","format-standard","has-post-thumbnail","category-masnoticias"],"_links":{"self":[{"href":"https:\/\/primicias2262.com\/noticias\/wp-json\/wp\/v2\/posts\/91961","targetHints":{"allow":["GET"]}}],"collection":[{"href":"https:\/\/primicias2262.com\/noticias\/wp-json\/wp\/v2\/posts"}],"about":[{"href":"https:\/\/primicias2262.com\/noticias\/wp-json\/wp\/v2\/types\/post"}],"author":[{"embeddable":true,"href":"https:\/\/primicias2262.com\/noticias\/wp-json\/wp\/v2\/users\/3"}],"replies":[{"embeddable":true,"href":"https:\/\/primicias2262.com\/noticias\/wp-json\/wp\/v2\/comments?post=91961"}],"version-history":[{"count":0,"href":"https:\/\/primicias2262.com\/noticias\/wp-json\/wp\/v2\/posts\/91961\/revisions"}],"wp:attachment":[{"href":"https:\/\/primicias2262.com\/noticias\/wp-json\/wp\/v2\/media?parent=91961"}],"wp:term":[{"taxonomy":"category","embeddable":true,"href":"https:\/\/primicias2262.com\/noticias\/wp-json\/wp\/v2\/categories?post=91961"},{"taxonomy":"post_tag","embeddable":true,"href":"https:\/\/primicias2262.com\/noticias\/wp-json\/wp\/v2\/tags?post=91961"}],"curies":[{"name":"wp","href":"https:\/\/api.w.org\/{rel}","templated":true}]}}