{"id":91963,"date":"2022-07-25T13:02:06","date_gmt":"2022-07-25T16:02:06","guid":{"rendered":"https:\/\/primicias2262.com\/?p=91963"},"modified":"2022-07-25T13:02:06","modified_gmt":"2022-07-25T16:02:06","slug":"covid-el-nivel-de-consultas-en-abril-y-mayo-era-muy-bajo-pero-ahora-es-algo-de-todos-los-dias","status":"publish","type":"post","link":"https:\/\/primicias2262.com\/noticias\/covid-el-nivel-de-consultas-en-abril-y-mayo-era-muy-bajo-pero-ahora-es-algo-de-todos-los-dias\/","title":{"rendered":"Covid: \u201cEl nivel de consultas en abril y mayo era muy bajo, pero ahora es algo de todos los d\u00edas\u201d"},"content":{"rendered":"<p><a href=\"https:\/\/primicias2262.com\/wp-content\/uploads\/2021\/06\/flavio-gavarrino-scaled-e1623510855800.jpg\"><img loading=\"lazy\" decoding=\"async\" class=\"alignright size-medium wp-image-77685\" src=\"https:\/\/primicias2262.com\/wp-content\/uploads\/2021\/06\/flavio-gavarrino-300x225.jpg\" alt=\"\" width=\"300\" height=\"225\" \/><\/a>As\u00ed lo se\u00f1al\u00f3 el titular de Laboratorios Gavarrino, Flavio Gavarrino, quien en di\u00e1logo con el periodista Daniel Gonz\u00e1lez para Voces de la Ciudad, traz\u00f3 un informe de los controles de Covid en la actualidad y se\u00f1al\u00f3 que debieron realizar un ajuste en los tests r\u00e1pidos y PCR por la situaci\u00f3n econ\u00f3mica.<\/p>\n<p>En cuanto a los contagios de Covid 19 y controles, contextualiz\u00f3 Gavarrino que \u201chemos pasado dos semanas de mucha actividad, ahora est\u00e1 mermando un poco pero posiblemente en algunas semanas veamos un movimiento intenso similar. Debido a la curva nacional, Necochea y las ciudades algo alejadas de los centros m\u00e1s grandes siempre estamos una o dos semanas atrasadas de los picos que se ven a nivel nacional\u201d.<\/p>\n<p>\u201cPor supuesto que las magnitudes son totalmente distintas a lo que vimos en enero, y sobre todo los cuadros cl\u00ednicos tienden a ser m\u00e1s leves y son muy pocas las internaciones, que es lo positivo de la situaci\u00f3n\u201d, se\u00f1al\u00f3 el profesional, quien a su vez puntualiz\u00f3 que \u201cen el laboratorio en mayo y abril el nivel de consulta era muy bajo, en junio empez\u00f3 a aumentar y ahora es continuado, es algo de todos los d\u00edas, todos los d\u00edas hay positivos de Covid\u201d.<\/p>\n<p>Asimismo, sostuvo que su rubro no escap\u00f3 a la situaci\u00f3n econ\u00f3mica actual. \u201cVen\u00edamos resistiendo desde el principio de la pandemia con los precios e hicimos un peque\u00f1o ajuste, tenemos el test r\u00e1pido en 3 mil pesos y la PCR en 8 mil\u2026 antes los ten\u00edamos en 2500 y 7 mil, y la verdad es igual de incierto para todos los argentinos este tema\u201d.<\/p>\n<p>En cuanto a insumos, llev\u00f3 tranquilidad al marcar que \u201cal ser la parte de diagn\u00f3stico tenemos todav\u00eda presencia de insumos y no pareciera que fueran a faltar, pero s\u00ed tenemos un da\u00f1o en la estructura de precios. Por suerte en la parte de diagn\u00f3stico de laboratorio hay toda una rama de industria nacional que nos va a garantizar que los diagn\u00f3sticos se puedan seguir haciendo, pero tampoco ellos es que producen el 100% ac\u00e1, algo tienen que importar y por eso estamos sujetos a los mismos avatares que en todo el pa\u00eds\u201d.<\/p>\n<p>Finalmente, inform\u00f3 a la comunidad que \u201cestamos de lunes a viernes de 7 a 18 en horario corrido, en este momento para Covid tienen un acceso individual las personas, y tambi\u00e9n estamos los s\u00e1bados de 9 a 12\u201d.<\/p>\n","protected":false},"excerpt":{"rendered":"<p>As\u00ed lo se\u00f1al\u00f3 el titular de Laboratorios Gavarrino, Flavio Gavarrino, quien en di\u00e1logo con el periodista Daniel Gonz\u00e1lez para Voces de la Ciudad, traz\u00f3 un informe de los controles de Covid en la actualidad y se\u00f1al\u00f3 que debieron realizar un ajuste en los tests r\u00e1pidos y PCR por la situaci\u00f3n econ\u00f3mica. En cuanto a los [&hellip;]<\/p>\n","protected":false},"author":3,"featured_media":90260,"comment_status":"closed","ping_status":"closed","sticky":false,"template":"","format":"standard","meta":{"footnotes":""},"categories":[3],"tags":[],"class_list":["post-91963","post","type-post","status-publish","format-standard","has-post-thumbnail","category-masnoticias"],"_links":{"self":[{"href":"https:\/\/primicias2262.com\/noticias\/wp-json\/wp\/v2\/posts\/91963","targetHints":{"allow":["GET"]}}],"collection":[{"href":"https:\/\/primicias2262.com\/noticias\/wp-json\/wp\/v2\/posts"}],"about":[{"href":"https:\/\/primicias2262.com\/noticias\/wp-json\/wp\/v2\/types\/post"}],"author":[{"embeddable":true,"href":"https:\/\/primicias2262.com\/noticias\/wp-json\/wp\/v2\/users\/3"}],"replies":[{"embeddable":true,"href":"https:\/\/primicias2262.com\/noticias\/wp-json\/wp\/v2\/comments?post=91963"}],"version-history":[{"count":0,"href":"https:\/\/primicias2262.com\/noticias\/wp-json\/wp\/v2\/posts\/91963\/revisions"}],"wp:attachment":[{"href":"https:\/\/primicias2262.com\/noticias\/wp-json\/wp\/v2\/media?parent=91963"}],"wp:term":[{"taxonomy":"category","embeddable":true,"href":"https:\/\/primicias2262.com\/noticias\/wp-json\/wp\/v2\/categories?post=91963"},{"taxonomy":"post_tag","embeddable":true,"href":"https:\/\/primicias2262.com\/noticias\/wp-json\/wp\/v2\/tags?post=91963"}],"curies":[{"name":"wp","href":"https:\/\/api.w.org\/{rel}","templated":true}]}}