{"id":91964,"date":"2022-07-25T12:45:50","date_gmt":"2022-07-25T15:45:50","guid":{"rendered":"https:\/\/primicias2262.com\/?p=91964"},"modified":"2022-07-25T12:45:50","modified_gmt":"2022-07-25T15:45:50","slug":"no-se-permiten-vuelos-por-el-clima-y-la-familia-de-jorge-moyano-acepto-el-traslado-en-ambulancia","status":"publish","type":"post","link":"https:\/\/primicias2262.com\/noticias\/no-se-permiten-vuelos-por-el-clima-y-la-familia-de-jorge-moyano-acepto-el-traslado-en-ambulancia\/","title":{"rendered":"No se permiten vuelos por el clima y la familia de Jorge Moyano acept\u00f3 el traslado en ambulancia"},"content":{"rendered":"<div class=\"elementor-element elementor-element-4e81b259 elementor-widget elementor-widget-theme-post-content\" data-id=\"4e81b259\" data-element_type=\"widget\" data-widget_type=\"theme-post-content.default\">\n<div class=\"elementor-widget-container\">\n<p><em><strong>Las condiciones no son aptas para la v\u00eda a\u00e9rea y dado el estado cr\u00edtico que padece quien ingresara el s\u00e1bado al hospital con m\u00e1s del 80% de su cuerpo quemado, su familia acept\u00f3 que fuera trasladado a Esteban Echeverr\u00eda en ambulancia, la cual parti\u00f3 durante la ma\u00f1ana de este lunes.<\/strong><\/em><\/p>\n<p>Desde la Secretar\u00eda de Salud, a cargo de Andrea Perestiuk, se inform\u00f3 respecto al paciente que ingres\u00f3 al hospital el s\u00e1bado en estado cr\u00edtico, que inmediatamente se iniciaron las gestiones para la derivaci\u00f3n del mismo a un centro especializado, logr\u00e1ndose la cama para este lunes. Si bien por las condiciones clim\u00e1ticas existentes no podr\u00e1 ser trasladado por v\u00eda a\u00e9rea como estaba previsto, la familia del paciente acept\u00f3 el viaje en ambulancia, la cual acaba de partir con la compa\u00f1\u00eda de un m\u00e9dico terapista y una enfermera especializada.<\/p>\n<p>En precisi\u00f3n, Perestiuk puntualiz\u00f3 que \u201cdada la situaci\u00f3n clim\u00e1tica los vuelos no se van a hacer efectivos hasta el pr\u00f3ximo mi\u00e9rcoles 27, as\u00ed que el paciente sali\u00f3 en ambulancia rumbo al Hospital de Alta Complejidad del Bicentenario ubicado en Esteban Echeverr\u00eda en el transcurso de esta ma\u00f1ana\u201d.<\/p>\n<p>Asimismo, la funcionaria resalt\u00f3 las gestiones del intendente Arturo Rojas ante el gobernador Axel Kicillof y el ministro de Salud provincial, Nicol\u00e1s Kreplak, a fin de activar r\u00e1pidamente el protocolo de traslado del joven,\u00a0 tras el intento de quitarse la vida.<\/p>\n<p>\u201cEl propio Intendente, la Secretar\u00eda de Salud y los profesionales del Hospital Municipal iniciaron las gestiones para el traslado a un centro especializado para el tratamiento del paciente, que por la caracter\u00edstica del cuadro se hab\u00eda indicado en un primer momento que pudiese ser en avi\u00f3n sanitario, cuesti\u00f3n para que la que ya estaba armada el protocolo\u201d, ampli\u00f3 al respecto Perestiuk.<\/p>\n<p>Vale recordar que, el paciente hab\u00eda ingresado el s\u00e1bado por la noche al Hospital Ferreyra con quemaduras graves, donde fue asistido desde un primer momento e internado en terapia intensiva, \u201ccomo corresponde en estos casos con pacientes con porcentajes de quemaduras muy importantes\u201d, concluy\u00f3 la secretaria de Salud.<\/p>\n<\/div>\n<\/div>\n","protected":false},"excerpt":{"rendered":"<p>Las condiciones no son aptas para la v\u00eda a\u00e9rea y dado el estado cr\u00edtico que padece quien ingresara el s\u00e1bado al hospital con m\u00e1s del 80% de su cuerpo quemado, su familia acept\u00f3 que fuera trasladado a Esteban Echeverr\u00eda en ambulancia, la cual parti\u00f3 durante la ma\u00f1ana de este lunes. Desde la Secretar\u00eda de Salud, [&hellip;]<\/p>\n","protected":false},"author":3,"featured_media":91959,"comment_status":"closed","ping_status":"closed","sticky":false,"template":"","format":"standard","meta":{"footnotes":""},"categories":[3],"tags":[],"class_list":["post-91964","post","type-post","status-publish","format-standard","has-post-thumbnail","category-masnoticias"],"_links":{"self":[{"href":"https:\/\/primicias2262.com\/noticias\/wp-json\/wp\/v2\/posts\/91964","targetHints":{"allow":["GET"]}}],"collection":[{"href":"https:\/\/primicias2262.com\/noticias\/wp-json\/wp\/v2\/posts"}],"about":[{"href":"https:\/\/primicias2262.com\/noticias\/wp-json\/wp\/v2\/types\/post"}],"author":[{"embeddable":true,"href":"https:\/\/primicias2262.com\/noticias\/wp-json\/wp\/v2\/users\/3"}],"replies":[{"embeddable":true,"href":"https:\/\/primicias2262.com\/noticias\/wp-json\/wp\/v2\/comments?post=91964"}],"version-history":[{"count":0,"href":"https:\/\/primicias2262.com\/noticias\/wp-json\/wp\/v2\/posts\/91964\/revisions"}],"wp:attachment":[{"href":"https:\/\/primicias2262.com\/noticias\/wp-json\/wp\/v2\/media?parent=91964"}],"wp:term":[{"taxonomy":"category","embeddable":true,"href":"https:\/\/primicias2262.com\/noticias\/wp-json\/wp\/v2\/categories?post=91964"},{"taxonomy":"post_tag","embeddable":true,"href":"https:\/\/primicias2262.com\/noticias\/wp-json\/wp\/v2\/tags?post=91964"}],"curies":[{"name":"wp","href":"https:\/\/api.w.org\/{rel}","templated":true}]}}