{"id":91979,"date":"2022-07-25T13:57:15","date_gmt":"2022-07-25T16:57:15","guid":{"rendered":"https:\/\/primicias2262.com\/?p=91979"},"modified":"2022-07-25T13:57:15","modified_gmt":"2022-07-25T16:57:15","slug":"el-mal-clima-obligo-a-suspender-las-actividades-en-la-carpa-este-lunes","status":"publish","type":"post","link":"https:\/\/primicias2262.com\/noticias\/el-mal-clima-obligo-a-suspender-las-actividades-en-la-carpa-este-lunes\/","title":{"rendered":"El mal clima oblig\u00f3 a suspender las actividades en la carpa este lunes"},"content":{"rendered":"<div class=\"wp-block-media-text alignwide is-stacked-on-mobile is-vertically-aligned-top\">\n<div class=\"wp-block-media-text__content\">\n<p><strong>Debido a las espor\u00e1dicas lloviznas y un pron\u00f3stico que no promete mejoras, la organizaci\u00f3n decidi\u00f3 suspender las actividades previstas a realizarse este lunes 25 en la carpa instalada en la Plaza Dardo Rocha, que tiene la finalidad de traer espect\u00e1culos y talleres gratuitos para que ni\u00f1os, ni\u00f1as y adolescentes puedan vivir sus vacaciones de invierno de una manera distinta.<\/strong><\/p>\n<p>Vale recordar que, para la jornada de hoy, desde el \u00e1rea municipal de Cultura se hab\u00eda programado una jornada de cine, luego de un fin de semana que tuvo teatro de t\u00edteres, clases de zumba infantil y murgas en vivo, todas muy bien respaldadas por el acompa\u00f1amiento de familias enteras que se vienen acercando hasta el c\u00e9ntrico espacio p\u00fablico desde el mismo comienzo del receso escolar.<\/p>\n<p>Esperando que las condiciones meteorol\u00f3gicas vayan cambiando durante esta jornada, la dependencia que funciona bajo la \u00f3rbita de la Secretar\u00eda de Turismo y Desarrollo Productivo record\u00f3 que para este martes se anuncia el show de Marbelita, desde las 15, con entrada totalmente libre y gratuita, adem\u00e1s de otros talleres a cargo de Barrio Cultura.<\/p>\n<\/div>\n<\/div>\n<p>Por \u00faltimo, es importante destacar que este ciclo se realiza gracias a un trabajo en conjunto entre el espacio mencionado, el \u00e1rea de Protocolo y las direcciones de Deportes y Educaci\u00f3n.<\/p>\n<p><a href=\"https:\/\/primicias2262.com\/wp-content\/uploads\/2022\/07\/Placa.jpg\"><img loading=\"lazy\" decoding=\"async\" class=\"aligncenter size-large wp-image-91912\" src=\"https:\/\/primicias2262.com\/wp-content\/uploads\/2022\/07\/Placa-1024x1024.jpg\" alt=\"\" width=\"696\" height=\"696\" \/><\/a><\/p>\n","protected":false},"excerpt":{"rendered":"<p>Debido a las espor\u00e1dicas lloviznas y un pron\u00f3stico que no promete mejoras, la organizaci\u00f3n decidi\u00f3 suspender las actividades previstas a realizarse este lunes 25 en la carpa instalada en la Plaza Dardo Rocha, que tiene la finalidad de traer espect\u00e1culos y talleres gratuitos para que ni\u00f1os, ni\u00f1as y adolescentes puedan vivir sus vacaciones de invierno [&hellip;]<\/p>\n","protected":false},"author":3,"featured_media":91980,"comment_status":"closed","ping_status":"closed","sticky":false,"template":"","format":"standard","meta":{"footnotes":""},"categories":[3],"tags":[],"class_list":["post-91979","post","type-post","status-publish","format-standard","has-post-thumbnail","category-masnoticias"],"_links":{"self":[{"href":"https:\/\/primicias2262.com\/noticias\/wp-json\/wp\/v2\/posts\/91979","targetHints":{"allow":["GET"]}}],"collection":[{"href":"https:\/\/primicias2262.com\/noticias\/wp-json\/wp\/v2\/posts"}],"about":[{"href":"https:\/\/primicias2262.com\/noticias\/wp-json\/wp\/v2\/types\/post"}],"author":[{"embeddable":true,"href":"https:\/\/primicias2262.com\/noticias\/wp-json\/wp\/v2\/users\/3"}],"replies":[{"embeddable":true,"href":"https:\/\/primicias2262.com\/noticias\/wp-json\/wp\/v2\/comments?post=91979"}],"version-history":[{"count":0,"href":"https:\/\/primicias2262.com\/noticias\/wp-json\/wp\/v2\/posts\/91979\/revisions"}],"wp:attachment":[{"href":"https:\/\/primicias2262.com\/noticias\/wp-json\/wp\/v2\/media?parent=91979"}],"wp:term":[{"taxonomy":"category","embeddable":true,"href":"https:\/\/primicias2262.com\/noticias\/wp-json\/wp\/v2\/categories?post=91979"},{"taxonomy":"post_tag","embeddable":true,"href":"https:\/\/primicias2262.com\/noticias\/wp-json\/wp\/v2\/tags?post=91979"}],"curies":[{"name":"wp","href":"https:\/\/api.w.org\/{rel}","templated":true}]}}