{"id":91982,"date":"2022-07-25T14:01:29","date_gmt":"2022-07-25T17:01:29","guid":{"rendered":"https:\/\/primicias2262.com\/?p=91982"},"modified":"2022-07-25T14:01:29","modified_gmt":"2022-07-25T17:01:29","slug":"claraz-cumple-113-anos-este-martes-y-el-festejo-sera-en-la-asociacion-de-fomento","status":"publish","type":"post","link":"https:\/\/primicias2262.com\/noticias\/claraz-cumple-113-anos-este-martes-y-el-festejo-sera-en-la-asociacion-de-fomento\/","title":{"rendered":"Claraz cumple 113 a\u00f1os este martes y el festejo ser\u00e1 en la Asociaci\u00f3n de Fomento"},"content":{"rendered":"<p><strong>Este martes 26 de julio la localidad de Claraz estar\u00e1 cumpliendo sus 113 a\u00f1os de vida y los festejos de aniversario comenzar\u00e1n a partir de las 15, con la Asociaci\u00f3n Civil de Fomento como lugar de concentraci\u00f3n, en calle 716 entre 713 y 715, habida cuenta de que se pronostica clima lluvioso.<\/strong><\/p>\n<p>Los festejos iniciar\u00e1n con un acto protocolar encabezado por el intendente Arturo Rojas, quien brindar\u00e1 palabras alusivas, al igual que el delegado municipal del pueblo, Jos\u00e9 Garc\u00eda. Antes que ello, se llevar\u00e1 a cabo la bendici\u00f3n espiritual por parte de pastores y curas.<\/p>\n<p>A la ceremonia protocolar le seguir\u00e1 el tradicional corte de la torta y luego ser\u00e1 el turno de disfrutar de los artistas locales.<\/p>\n<p>A prop\u00f3sito de esto \u00faltimo, el delegado Jos\u00e9 Garc\u00eda adelant\u00f3 que \u201cestar\u00e1 bailando la pe\u00f1a folcl\u00f3rica \u201cEl despertar de mi pueblo\u201d, y luego estar\u00e1n los artistas Marcelo Lucero ,cantor folcl\u00f3rico, y Gabriel Machado con cumbia santafecina\u201d, mientras que no soslay\u00f3 el funcionario que \u201ccontaremos con la entrada de banderas de ceremonia y la participaci\u00f3n de toda la comunidad educativa de Claraz.<\/p>\n<p><a href=\"https:\/\/primicias2262.com\/wp-content\/uploads\/2022\/07\/Invitacion-Aniversario-Claraz.jpg\"><img loading=\"lazy\" decoding=\"async\" class=\"aligncenter size-large wp-image-91984\" src=\"https:\/\/primicias2262.com\/wp-content\/uploads\/2022\/07\/Invitacion-Aniversario-Claraz-1024x1024.jpg\" alt=\"\" width=\"696\" height=\"696\" \/><\/a><\/p>\n","protected":false},"excerpt":{"rendered":"<p>Este martes 26 de julio la localidad de Claraz estar\u00e1 cumpliendo sus 113 a\u00f1os de vida y los festejos de aniversario comenzar\u00e1n a partir de las 15, con la Asociaci\u00f3n Civil de Fomento como lugar de concentraci\u00f3n, en calle 716 entre 713 y 715, habida cuenta de que se pronostica clima lluvioso. Los festejos iniciar\u00e1n [&hellip;]<\/p>\n","protected":false},"author":3,"featured_media":91983,"comment_status":"closed","ping_status":"closed","sticky":false,"template":"","format":"standard","meta":{"footnotes":""},"categories":[3],"tags":[],"class_list":["post-91982","post","type-post","status-publish","format-standard","has-post-thumbnail","category-masnoticias"],"_links":{"self":[{"href":"https:\/\/primicias2262.com\/noticias\/wp-json\/wp\/v2\/posts\/91982","targetHints":{"allow":["GET"]}}],"collection":[{"href":"https:\/\/primicias2262.com\/noticias\/wp-json\/wp\/v2\/posts"}],"about":[{"href":"https:\/\/primicias2262.com\/noticias\/wp-json\/wp\/v2\/types\/post"}],"author":[{"embeddable":true,"href":"https:\/\/primicias2262.com\/noticias\/wp-json\/wp\/v2\/users\/3"}],"replies":[{"embeddable":true,"href":"https:\/\/primicias2262.com\/noticias\/wp-json\/wp\/v2\/comments?post=91982"}],"version-history":[{"count":0,"href":"https:\/\/primicias2262.com\/noticias\/wp-json\/wp\/v2\/posts\/91982\/revisions"}],"wp:attachment":[{"href":"https:\/\/primicias2262.com\/noticias\/wp-json\/wp\/v2\/media?parent=91982"}],"wp:term":[{"taxonomy":"category","embeddable":true,"href":"https:\/\/primicias2262.com\/noticias\/wp-json\/wp\/v2\/categories?post=91982"},{"taxonomy":"post_tag","embeddable":true,"href":"https:\/\/primicias2262.com\/noticias\/wp-json\/wp\/v2\/tags?post=91982"}],"curies":[{"name":"wp","href":"https:\/\/api.w.org\/{rel}","templated":true}]}}