{"id":91986,"date":"2022-07-25T18:26:03","date_gmt":"2022-07-25T21:26:03","guid":{"rendered":"https:\/\/primicias2262.com\/?p=91986"},"modified":"2022-07-25T18:26:03","modified_gmt":"2022-07-25T21:26:03","slug":"este-martes-habra-campana-de-vacunacion-en-la-cancha-de-estacion-quequen","status":"publish","type":"post","link":"https:\/\/primicias2262.com\/noticias\/este-martes-habra-campana-de-vacunacion-en-la-cancha-de-estacion-quequen\/","title":{"rendered":"Este martes habr\u00e1 campa\u00f1a de vacunaci\u00f3n en la cancha de Estaci\u00f3n Quequ\u00e9n"},"content":{"rendered":"<p><strong>\u00abLa vacunaci\u00f3n contra el Covid se realizar\u00e1 de 10 a 14 y est\u00e1 abierta a toda la comunidad\u201d, se\u00f1al\u00f3 la responsable de vacunaci\u00f3n municipal, Adriana Turiaci, en el aire de \u201cVoces de la Ciudad\u201d.<\/strong><\/p>\n<p>En cuanto a detalles de la jornada de este martes 26 de julio, se\u00f1al\u00f3 que \u201ctendremos una campa\u00f1a itinerante en la cancha de Estaci\u00f3n Quequ\u00e9n, no s\u00f3lo para el barrio sino abierta a toda la comunidad, ser\u00e1 de 10 a 14 y vamos a estar vacunando a todas las personas y edades, con todas las dosis, con la condici\u00f3n de que hayan pasado 4 meses de que recibieron su \u00faltima vacuna. Tratamos de acercarnos a diferentes lugares porque actualmente estamos solo en el puesto del Hospital Modular\u201d.<\/p>\n<p>En tanto, cuando fue consultada por el periodista Daniel Gonz\u00e1lez sobre c\u00f3mo viene el panorama en cuanto al Covid en la ciudad, inform\u00f3 que \u201cestamos en una \u00e9poca invernal que favorece la proliferaci\u00f3n de virus respiratorios, el coronavirus es uno de ellos y como tienen la propiedad de mutar tanto, cada tanto nos da un golpe, es como un sube y baja, por eso siempre seguimos promocionando la vacunaci\u00f3n y recordando que estamos en el Hospital Modular\u201d.<\/p>\n<p>Se recuerda que el lugar \u201cest\u00e1 pegado al Hospital Ferreyra, vacunamos ah\u00ed de lunes a viernes de 9 a 18, se ingresa por la calle 100, y hay dosis para todas las personas, siempre recordando que la vacunaci\u00f3n se hace a 4 meses de la \u00faltima dosis y si tienen dudas se acercan y se los orienta enseguida\u201d.<\/p>\n<p>En el Modular, \u201cpor ahora la concurrencia es floja y cuando empiezan a aparecer casos, aparece la gente, por eso insistimos a que la gente vaya y se vacune, si te enferm\u00e1s no es tan grave y no pasa de ser una gripe\u201d, concluy\u00f3 Turiaci.<\/p>\n","protected":false},"excerpt":{"rendered":"<p>\u00abLa vacunaci\u00f3n contra el Covid se realizar\u00e1 de 10 a 14 y est\u00e1 abierta a toda la comunidad\u201d, se\u00f1al\u00f3 la responsable de vacunaci\u00f3n municipal, Adriana Turiaci, en el aire de \u201cVoces de la Ciudad\u201d. En cuanto a detalles de la jornada de este martes 26 de julio, se\u00f1al\u00f3 que \u201ctendremos una campa\u00f1a itinerante en la [&hellip;]<\/p>\n","protected":false},"author":3,"featured_media":79127,"comment_status":"closed","ping_status":"closed","sticky":false,"template":"","format":"standard","meta":{"footnotes":""},"categories":[3],"tags":[],"class_list":["post-91986","post","type-post","status-publish","format-standard","has-post-thumbnail","category-masnoticias"],"_links":{"self":[{"href":"https:\/\/primicias2262.com\/noticias\/wp-json\/wp\/v2\/posts\/91986","targetHints":{"allow":["GET"]}}],"collection":[{"href":"https:\/\/primicias2262.com\/noticias\/wp-json\/wp\/v2\/posts"}],"about":[{"href":"https:\/\/primicias2262.com\/noticias\/wp-json\/wp\/v2\/types\/post"}],"author":[{"embeddable":true,"href":"https:\/\/primicias2262.com\/noticias\/wp-json\/wp\/v2\/users\/3"}],"replies":[{"embeddable":true,"href":"https:\/\/primicias2262.com\/noticias\/wp-json\/wp\/v2\/comments?post=91986"}],"version-history":[{"count":0,"href":"https:\/\/primicias2262.com\/noticias\/wp-json\/wp\/v2\/posts\/91986\/revisions"}],"wp:attachment":[{"href":"https:\/\/primicias2262.com\/noticias\/wp-json\/wp\/v2\/media?parent=91986"}],"wp:term":[{"taxonomy":"category","embeddable":true,"href":"https:\/\/primicias2262.com\/noticias\/wp-json\/wp\/v2\/categories?post=91986"},{"taxonomy":"post_tag","embeddable":true,"href":"https:\/\/primicias2262.com\/noticias\/wp-json\/wp\/v2\/tags?post=91986"}],"curies":[{"name":"wp","href":"https:\/\/api.w.org\/{rel}","templated":true}]}}