{"id":92005,"date":"2022-07-26T12:35:14","date_gmt":"2022-07-26T15:35:14","guid":{"rendered":"https:\/\/primicias2262.com\/?p=92005"},"modified":"2022-07-26T12:35:14","modified_gmt":"2022-07-26T15:35:14","slug":"se-suspenden-las-actividades-de-la-carpa-de-cultura-hasta-el-proximo-jueves","status":"publish","type":"post","link":"https:\/\/primicias2262.com\/noticias\/se-suspenden-las-actividades-de-la-carpa-de-cultura-hasta-el-proximo-jueves\/","title":{"rendered":"Se suspenden las actividades de la carpa de Cultura hasta el pr\u00f3ximo jueves"},"content":{"rendered":"<p><strong>Por las condiciones climatol\u00f3gicas y los pron\u00f3sticos adversos, la estructura instalada por el municipio en la Plaza Dardo Rocha para llevar talleres y espect\u00e1culos gratuitos aptos para toda la familia durante estas vacaciones de invierno no estar\u00e1 operativa martes ni mi\u00e9rcoles. \u00a0\u00a0<\/strong><\/p>\n<p>En vistas de la alerta amarilla que amenaza el norte del distrito con la posible llegada de tormentas fuertes, r\u00e1fagas de viento e intensa actividad el\u00e9ctrica, y sin presentarse mejoras notables en las condiciones climatol\u00f3gicas en la ciudad cabecera del partido, el Departamento Ejecutivo municipal decidi\u00f3 suspender las actividades recreativas y culturales programadas en la carpa ubicada en la Plaza Dardo Rocha hasta el pr\u00f3ximo jueves.<\/p>\n<p>Siguiendo las vicisitudes anunciadas por el Servicio Meteorol\u00f3gico Nacional, que pronostica tormentas aisladas y fuertes para este mi\u00e9rcoles, es que se lleg\u00f3 a la determinaci\u00f3n de posponer los talleres y espect\u00e1culos previstos para esta tarde y tambi\u00e9n para la de ma\u00f1ana, buscando evitar cualquier tipo de incidencia que pueda poner en riesgo la salud de los participantes o del p\u00fablico.<\/p>\n<p>En tanto, desde la organizaci\u00f3n confirmaron que, en la misma ma\u00f1ana del jueves, de acuerdo a la situaci\u00f3n climatol\u00f3gica observada, se estar\u00e1 anunciando la continuidad del evento que, en un principio, tiene previsto seguir con su cronograma hasta el fin de semana que marca el cierre del receso escolar.<\/p>\n<p>Vale recordar que la estructura instalada en las puertas del Palacio Municipal, gracias al trabajo conjunto entre las direcciones de Cultura, Deportes y Educaci\u00f3n, m\u00e1s el \u00e1rea de Protocolo, tiene por objetivo la puesta en marcha de diferentes talleres y espect\u00e1culos para que toda la familia tenga la posibilidad de disfrutar de una alternativa art\u00edstica gratuita y de calidad en estas vacaciones de invierno.<\/p>\n","protected":false},"excerpt":{"rendered":"<p>Por las condiciones climatol\u00f3gicas y los pron\u00f3sticos adversos, la estructura instalada por el municipio en la Plaza Dardo Rocha para llevar talleres y espect\u00e1culos gratuitos aptos para toda la familia durante estas vacaciones de invierno no estar\u00e1 operativa martes ni mi\u00e9rcoles. \u00a0\u00a0 En vistas de la alerta amarilla que amenaza el norte del distrito con [&hellip;]<\/p>\n","protected":false},"author":3,"featured_media":92006,"comment_status":"closed","ping_status":"closed","sticky":false,"template":"","format":"standard","meta":{"footnotes":""},"categories":[3],"tags":[],"class_list":["post-92005","post","type-post","status-publish","format-standard","has-post-thumbnail","category-masnoticias"],"_links":{"self":[{"href":"https:\/\/primicias2262.com\/noticias\/wp-json\/wp\/v2\/posts\/92005","targetHints":{"allow":["GET"]}}],"collection":[{"href":"https:\/\/primicias2262.com\/noticias\/wp-json\/wp\/v2\/posts"}],"about":[{"href":"https:\/\/primicias2262.com\/noticias\/wp-json\/wp\/v2\/types\/post"}],"author":[{"embeddable":true,"href":"https:\/\/primicias2262.com\/noticias\/wp-json\/wp\/v2\/users\/3"}],"replies":[{"embeddable":true,"href":"https:\/\/primicias2262.com\/noticias\/wp-json\/wp\/v2\/comments?post=92005"}],"version-history":[{"count":0,"href":"https:\/\/primicias2262.com\/noticias\/wp-json\/wp\/v2\/posts\/92005\/revisions"}],"wp:attachment":[{"href":"https:\/\/primicias2262.com\/noticias\/wp-json\/wp\/v2\/media?parent=92005"}],"wp:term":[{"taxonomy":"category","embeddable":true,"href":"https:\/\/primicias2262.com\/noticias\/wp-json\/wp\/v2\/categories?post=92005"},{"taxonomy":"post_tag","embeddable":true,"href":"https:\/\/primicias2262.com\/noticias\/wp-json\/wp\/v2\/tags?post=92005"}],"curies":[{"name":"wp","href":"https:\/\/api.w.org\/{rel}","templated":true}]}}