{"id":92009,"date":"2022-07-26T12:39:21","date_gmt":"2022-07-26T15:39:21","guid":{"rendered":"https:\/\/primicias2262.com\/?p=92009"},"modified":"2022-07-26T12:39:21","modified_gmt":"2022-07-26T15:39:21","slug":"veo-niveles-muy-altos-de-consumo-pero-recorres-la-ciudad-y-hay-gente-con-mucha-necesidad","status":"publish","type":"post","link":"https:\/\/primicias2262.com\/noticias\/veo-niveles-muy-altos-de-consumo-pero-recorres-la-ciudad-y-hay-gente-con-mucha-necesidad\/","title":{"rendered":"\u201cVeo niveles muy altos de consumo, pero recorr\u00e9s la ciudad y hay gente con mucha necesidad\u201d"},"content":{"rendered":"<p><strong>As\u00ed lo grafic\u00f3 el secretario general de la CGT Necochea y secretario de La Bancaria, Demian Ledesma, durante su visita a los estudios de \u201cVoces de la Ciudad\u201d.<\/strong><\/p>\n<p>El eje de la charla con el periodista Daniel Gonz\u00e1lez pas\u00f3 por la situaci\u00f3n econ\u00f3mica del presente, acerca de lo que afirm\u00f3 que \u201cvemos con mucha preocupaci\u00f3n la actualidad, el impacto de estas corridas cambiarias en la vida cotidiana de los trabajadores es enorme, pero esta situaci\u00f3n tiene ganadores y perdedores, y nosotros vemos los dos lados de la moneda\u201d, argumentando que \u201ccomo secretario general de la Bancaria veo bancos que han ganado mucho especulando con una hipot\u00e9tica devaluaci\u00f3n y compa\u00f1eros trabajadores bancarios que han perdido poder adquisitivo del salario\u201d.<\/p>\n<p>En ese sentido, se\u00f1al\u00f3 que \u201cha faltado ejecuci\u00f3n de pol\u00edticas y gesti\u00f3n para poder controlar estas variables\u201d, aunque hizo una salvedad: \u201cNo obstante, habr\u00eda que discutir qu\u00e9 capacidades tienen los gobiernos para controlarlo, creo que nos debemos esa discusi\u00f3n como sociedad. Hay un poder concentrado que no gobierna pero tiene acci\u00f3n directa sobre la econom\u00eda y hay que rever las posibilidades reales que tiene la gesti\u00f3n pol\u00edtica para poder mantener controlados a estos sectores de poder que ni radicaci\u00f3n local tienen o que tienen relaci\u00f3n con una econom\u00eda globalizada que impacta en cada uno de los pa\u00edses\u201d.<\/p>\n<p>Por ende, manifest\u00f3 que \u201cel sistema como lo estamos viviendo hoy no funciona. Estamos por cumplir 40 a\u00f1os de democracia y venimos con una crisis tras otra, y es la comprobaci\u00f3n f\u00e1ctica de la riqueza de este pa\u00eds, porque no lo terminan de fundir nunca\u201d.<\/p>\n<p>Asimismo, asever\u00f3 Ledesma que \u201chay que bajar un poco los cambios. Esta es una crisis que est\u00e1 alimentada y fogoneada porque rinde en los medios y en los ratings, y alguien saca ventaja de esto, como por ejemplo los opositores, y no se resuelve enoj\u00e1ndose un poco m\u00e1s, pero sin embargo es lo que propone el modelo capitalista globalizado en el que estamos metidos\u201d.<\/p>\n<p>Al mismo tiempo, culmin\u00f3 con una curiosidad: \u201cPasa una cosa rara y no tengo explicaci\u00f3n. Veo que hay niveles altos de consumo: los bares est\u00e1n llenos, los restaurantes est\u00e1n llenos, fuimos con mi hijo al cine y hab\u00eda mucha gente. No s\u00e9 qu\u00e9 pasa, no lo puedo explicar, porque al mismo tiempo recorr\u00e9s la ciudad y te das cuenta que hay gente que est\u00e1 pasando mucha necesidad\u00bb.<\/p>\n<p>\u00abComo primer ensayo de respuesta para algo que no entiendo es que creo que se estir\u00f3 a\u00fan m\u00e1s la brecha entre los sectores m\u00e1s vulnerados de los sectores medios. Me llama la atenci\u00f3n y tiendo a pensar que se cayeron todav\u00eda m\u00e1s abajo los sectores m\u00e1s vulnerados\u201d, enfatiz\u00f3.<\/p>\n<p>Para ello, \u201ces prioritaria la generaci\u00f3n de trabajo. En las campa\u00f1as pol\u00edticas se promete seguridad, salud y educaci\u00f3n, y habr\u00eda que agregar un cuarto \u00edtem: el trabajo, que no lo promete nadie, y habr\u00eda que incluirlo no s\u00f3lo en la campa\u00f1a, sino en la ejecuci\u00f3n definitiva de la pol\u00edtica p\u00fablica\u201d, concluy\u00f3 el gremialista.<\/p>\n","protected":false},"excerpt":{"rendered":"<p>As\u00ed lo grafic\u00f3 el secretario general de la CGT Necochea y secretario de La Bancaria, Demian Ledesma, durante su visita a los estudios de \u201cVoces de la Ciudad\u201d. El eje de la charla con el periodista Daniel Gonz\u00e1lez pas\u00f3 por la situaci\u00f3n econ\u00f3mica del presente, acerca de lo que afirm\u00f3 que \u201cvemos con mucha preocupaci\u00f3n [&hellip;]<\/p>\n","protected":false},"author":3,"featured_media":82088,"comment_status":"closed","ping_status":"closed","sticky":false,"template":"","format":"standard","meta":{"footnotes":""},"categories":[3],"tags":[],"class_list":["post-92009","post","type-post","status-publish","format-standard","has-post-thumbnail","category-masnoticias"],"_links":{"self":[{"href":"https:\/\/primicias2262.com\/noticias\/wp-json\/wp\/v2\/posts\/92009","targetHints":{"allow":["GET"]}}],"collection":[{"href":"https:\/\/primicias2262.com\/noticias\/wp-json\/wp\/v2\/posts"}],"about":[{"href":"https:\/\/primicias2262.com\/noticias\/wp-json\/wp\/v2\/types\/post"}],"author":[{"embeddable":true,"href":"https:\/\/primicias2262.com\/noticias\/wp-json\/wp\/v2\/users\/3"}],"replies":[{"embeddable":true,"href":"https:\/\/primicias2262.com\/noticias\/wp-json\/wp\/v2\/comments?post=92009"}],"version-history":[{"count":0,"href":"https:\/\/primicias2262.com\/noticias\/wp-json\/wp\/v2\/posts\/92009\/revisions"}],"wp:attachment":[{"href":"https:\/\/primicias2262.com\/noticias\/wp-json\/wp\/v2\/media?parent=92009"}],"wp:term":[{"taxonomy":"category","embeddable":true,"href":"https:\/\/primicias2262.com\/noticias\/wp-json\/wp\/v2\/categories?post=92009"},{"taxonomy":"post_tag","embeddable":true,"href":"https:\/\/primicias2262.com\/noticias\/wp-json\/wp\/v2\/tags?post=92009"}],"curies":[{"name":"wp","href":"https:\/\/api.w.org\/{rel}","templated":true}]}}