{"id":92011,"date":"2022-07-26T12:42:16","date_gmt":"2022-07-26T15:42:16","guid":{"rendered":"https:\/\/primicias2262.com\/?p=92011"},"modified":"2022-07-26T12:42:16","modified_gmt":"2022-07-26T15:42:16","slug":"iluminacion-led-el-plan-diagramado-viene-avanzando-aseguro-elguero","status":"publish","type":"post","link":"https:\/\/primicias2262.com\/noticias\/iluminacion-led-el-plan-diagramado-viene-avanzando-aseguro-elguero\/","title":{"rendered":"Iluminaci\u00f3n Led: \u201cEl plan diagramado viene avanzando\u201d, asegur\u00f3 Elguero"},"content":{"rendered":"<p>El director de Planeamiento Energ\u00e9tico de la comuna, Hugo Elguero, asegur\u00f3 que la iluminaci\u00f3n Led en la ciudad \u201cviene bastante bien, el plan que estaba diagramado viene avanzando\u201d.<\/p>\n<p>En detalle, en declaraciones formuladas en el programa \u00abVoces de la ciudad\u00bb inform\u00f3 que \u201cse ha terminado la Av. 91 con el recambio de sodio por Led desde Av. 10 a 42, lo mismo en Av. 98 de 59 a 87 y se termin\u00f3 recientemente el recambio de las luminarias que van por 554 desde 521 hasta Almirante Brown en Quequ\u00e9n. Esa avenida qued\u00f3 muy bien iluminada, con iluminaci\u00f3n doble y columna central\u201d.<\/p>\n<p>Mientras tanto, se\u00f1al\u00f3 que \u201cresta de este plan de Argentina Hace iluminar la Av. 75 en principio de 74 a 98 y se est\u00e1 estudiando la posibilidad de la ampliaci\u00f3n desde 74 a 62 y que de esa manera quede completa la 75, desde la 2 hasta la 98\u201d, a lo que acot\u00f3 a modo de aclaraci\u00f3n que \u201cse planea iluminar la 75 hasta 106 a futuro, pero por ahora no est\u00e1 contemplada en estos planes que estaban desde el a\u00f1o pasado\u201d.<\/p>\n<p>Asimismo, anunci\u00f3 que \u201clo \u00faltimo que se licit\u00f3 el 15 de julio y que ahora est\u00e1 en tr\u00e1mite administrativo hasta su adjudicaci\u00f3n por parte de la comisi\u00f3n evaluadora es la iluminaci\u00f3n de nueve plazas y la Terminal de \u00d3mnibus\u201d.<\/p>\n<p>Por \u00faltimo, al ser consultado sobre la iluminaci\u00f3n de las cuadras, Elguero manifest\u00f3 que \u201ces un plan por convenio vecino-empresa, donde la Municipalidad simplemente fiscaliza que las cosas se hagan de acuerdo a la regla y t\u00e9cnicamente se coloquen los artefactos como corresponden, pero despu\u00e9s se trata de una decisi\u00f3n de los vecinos\u201d.<\/p>\n<p>Como casi todo en este momento, la instalaci\u00f3n en las cuadras sufre un freno por la econom\u00eda. \u201cEn su momento fue un auge y sigue estando vigente, pero \u00faltimamente con todas estas variaciones que estamos teniendo desde lo econ\u00f3mico, estos artefactos cuya mayor\u00eda de sus componentes son importados tienen una gran afectaci\u00f3n con los vaivenes del d\u00f3lar, entonces no es lo mismo lo que sale iluminar una cuadra hoy a hace un a\u00f1o atr\u00e1s, y eso hace que la gente se lo replantee, pero la posibilidad sigue abierta\u201d, explic\u00f3.<\/p>\n","protected":false},"excerpt":{"rendered":"<p>El director de Planeamiento Energ\u00e9tico de la comuna, Hugo Elguero, asegur\u00f3 que la iluminaci\u00f3n Led en la ciudad \u201cviene bastante bien, el plan que estaba diagramado viene avanzando\u201d. En detalle, en declaraciones formuladas en el programa \u00abVoces de la ciudad\u00bb inform\u00f3 que \u201cse ha terminado la Av. 91 con el recambio de sodio por Led [&hellip;]<\/p>\n","protected":false},"author":3,"featured_media":84341,"comment_status":"closed","ping_status":"closed","sticky":false,"template":"","format":"standard","meta":{"footnotes":""},"categories":[3],"tags":[],"class_list":["post-92011","post","type-post","status-publish","format-standard","has-post-thumbnail","category-masnoticias"],"_links":{"self":[{"href":"https:\/\/primicias2262.com\/noticias\/wp-json\/wp\/v2\/posts\/92011","targetHints":{"allow":["GET"]}}],"collection":[{"href":"https:\/\/primicias2262.com\/noticias\/wp-json\/wp\/v2\/posts"}],"about":[{"href":"https:\/\/primicias2262.com\/noticias\/wp-json\/wp\/v2\/types\/post"}],"author":[{"embeddable":true,"href":"https:\/\/primicias2262.com\/noticias\/wp-json\/wp\/v2\/users\/3"}],"replies":[{"embeddable":true,"href":"https:\/\/primicias2262.com\/noticias\/wp-json\/wp\/v2\/comments?post=92011"}],"version-history":[{"count":0,"href":"https:\/\/primicias2262.com\/noticias\/wp-json\/wp\/v2\/posts\/92011\/revisions"}],"wp:attachment":[{"href":"https:\/\/primicias2262.com\/noticias\/wp-json\/wp\/v2\/media?parent=92011"}],"wp:term":[{"taxonomy":"category","embeddable":true,"href":"https:\/\/primicias2262.com\/noticias\/wp-json\/wp\/v2\/categories?post=92011"},{"taxonomy":"post_tag","embeddable":true,"href":"https:\/\/primicias2262.com\/noticias\/wp-json\/wp\/v2\/tags?post=92011"}],"curies":[{"name":"wp","href":"https:\/\/api.w.org\/{rel}","templated":true}]}}