{"id":92013,"date":"2022-07-26T13:11:02","date_gmt":"2022-07-26T16:11:02","guid":{"rendered":"https:\/\/primicias2262.com\/?p=92013"},"modified":"2022-07-26T13:11:02","modified_gmt":"2022-07-26T16:11:02","slug":"hubo-fallas-en-el-sistema-electrico-en-bahia-de-los-vientos","status":"publish","type":"post","link":"https:\/\/primicias2262.com\/noticias\/hubo-fallas-en-el-sistema-electrico-en-bahia-de-los-vientos\/","title":{"rendered":"Hubo fallas en el sistema el\u00e9ctrico en Bah\u00eda de los Vientos"},"content":{"rendered":"<p>La Usina Popular Cooperativa \u201cSebasti\u00e1n de Mar\u00eda Ltda.\u201d informa que el d\u00eda domingo hubo una sucesi\u00f3n de interrupciones en el servicio el\u00e9ctrico perturbando la zona de Bah\u00eda de los Vientos, debido a una falla en la subestaci\u00f3n transformadora QR017-A01 ubicada en calle 546 esquina 549.<\/p>\n<p>Lla misma ocasion\u00f3 la quema de fusibles de media tensi\u00f3n irrumpiendo la<br \/>\ncontinuidad del servicio, vi\u00e9ndose afectados 61 suministros conectados directamente a la red de baja tensi\u00f3n.<\/p>\n<p>La contingencia comenz\u00f3 el d\u00eda domingo 25 a las 7 hs de la ma\u00f1ana aproximadamente, donde se registr\u00f3 el primer reclamo a trav\u00e9s de nuestro sistema. El mismo fue atendido por la cuadrilla de Guardia Urbana reponiendo el fusible. Por la tarde ocurri\u00f3 la misma falla, por lo tanto se concluy\u00f3 que el\u00a0 transformador estaba provocando la falla y se prosigui\u00f3 a la reparaci\u00f3n del mismo quedando el d\u00eda lunes en condiciones normales de servicio.<\/p>\n<p>Debido al gran crecimiento demogr\u00e1fico de la zona comprendida por Bah\u00eda de los Vientos y su urbanizaci\u00f3n se est\u00e1n realizando obras de mejoras, extensiones y reemplazo de conductores.<\/p>\n<p>La UPC pidi\u00f3 a la poblaci\u00f3n que ante cualquier situaci\u00f3n se comuniquen al tel\u00e9fono de guardia de reclamos (02262) 43-2644 o al 0800-666-8004 o por SMS al 2262 551919 con las palabras claves que el sistema identifica y administra:<\/p>\n<ul>\n<li><strong>LUZ<\/strong> &lt;espacio&gt; &lt;<strong>SUMINISTRO<\/strong>&gt;: Usala para comunicar la falta de energ\u00eda el\u00e9ctrica en tu domicilio. Por eso es fundamental indicar el n\u00famero de SUMINSTRO. Ej.:\u00a0 <strong>LUZ 12345001.<\/strong><\/li>\n<\/ul>\n","protected":false},"excerpt":{"rendered":"<p>La Usina Popular Cooperativa \u201cSebasti\u00e1n de Mar\u00eda Ltda.\u201d informa que el d\u00eda domingo hubo una sucesi\u00f3n de interrupciones en el servicio el\u00e9ctrico perturbando la zona de Bah\u00eda de los Vientos, debido a una falla en la subestaci\u00f3n transformadora QR017-A01 ubicada en calle 546 esquina 549. Lla misma ocasion\u00f3 la quema de fusibles de media tensi\u00f3n [&hellip;]<\/p>\n","protected":false},"author":3,"featured_media":80823,"comment_status":"closed","ping_status":"closed","sticky":false,"template":"","format":"standard","meta":{"footnotes":""},"categories":[3],"tags":[],"class_list":["post-92013","post","type-post","status-publish","format-standard","has-post-thumbnail","category-masnoticias"],"_links":{"self":[{"href":"https:\/\/primicias2262.com\/noticias\/wp-json\/wp\/v2\/posts\/92013","targetHints":{"allow":["GET"]}}],"collection":[{"href":"https:\/\/primicias2262.com\/noticias\/wp-json\/wp\/v2\/posts"}],"about":[{"href":"https:\/\/primicias2262.com\/noticias\/wp-json\/wp\/v2\/types\/post"}],"author":[{"embeddable":true,"href":"https:\/\/primicias2262.com\/noticias\/wp-json\/wp\/v2\/users\/3"}],"replies":[{"embeddable":true,"href":"https:\/\/primicias2262.com\/noticias\/wp-json\/wp\/v2\/comments?post=92013"}],"version-history":[{"count":0,"href":"https:\/\/primicias2262.com\/noticias\/wp-json\/wp\/v2\/posts\/92013\/revisions"}],"wp:attachment":[{"href":"https:\/\/primicias2262.com\/noticias\/wp-json\/wp\/v2\/media?parent=92013"}],"wp:term":[{"taxonomy":"category","embeddable":true,"href":"https:\/\/primicias2262.com\/noticias\/wp-json\/wp\/v2\/categories?post=92013"},{"taxonomy":"post_tag","embeddable":true,"href":"https:\/\/primicias2262.com\/noticias\/wp-json\/wp\/v2\/tags?post=92013"}],"curies":[{"name":"wp","href":"https:\/\/api.w.org\/{rel}","templated":true}]}}