{"id":92016,"date":"2022-07-26T14:38:32","date_gmt":"2022-07-26T17:38:32","guid":{"rendered":"https:\/\/primicias2262.com\/?p=92016"},"modified":"2022-07-26T14:38:32","modified_gmt":"2022-07-26T17:38:32","slug":"fallecio-jorge-moyano-el-joven-que-quemo-su-cuerpo-en-un-intento-de-suicidio","status":"publish","type":"post","link":"https:\/\/primicias2262.com\/noticias\/fallecio-jorge-moyano-el-joven-que-quemo-su-cuerpo-en-un-intento-de-suicidio\/","title":{"rendered":"Falleci\u00f3 Jorge Moyano, el joven que quem\u00f3 su cuerpo en un intento de suicidio"},"content":{"rendered":"<p><strong>Se conoci\u00f3 este martes la triste noticia de la muerte del joven necochense de 24 a\u00f1os, Jorge Moyano, quien hab\u00eda intentado quitarse la vida el pasado s\u00e1bado rociando su cuerpo con combustible y se encontraba actualmente internado en el Hospital de Alte Complejidad del Bicentenario de la ciudad de Esteban Echeverr\u00eda.<\/strong><\/p>\n<p><strong>Jorge Luis Moyano<\/strong>, conocido por sus amigos como \u201cIeie\u201d muri\u00f3 en el hospital de <strong>Esteban Echeverr\u00eda,<\/strong> adonde fue trasladado ayer en ambulancia tras un largo reclamo de sus familiares y la imposibilidad de realizar un vuelo sanitario por la cuesti\u00f3n clim\u00e1tica.<\/p>\n<p>\u201cEspero que encuentres la paz que estabas buscando, es de no creer\u201d postearon sus allegados en su muro de Facebook.<\/p>\n<p>El joven se encontraba depresivo por una pelea con su expareja y eso lo llev\u00f3 a tomar la dr\u00e1stica decisi\u00f3n que lo dej\u00f3 con m\u00e1s del 80% de su cuerpo quemado.<\/p>\n<p>\u201cToda una vida por vivir, s\u00f3lo vos sabes el por qu\u00e9 de esa decisi\u00f3n\u201d public\u00f3 una de sus amigas cercanas.<\/p>\n<p><strong>Fuente: TSN Necochea<\/strong><\/p>\n","protected":false},"excerpt":{"rendered":"<p>Se conoci\u00f3 este martes la triste noticia de la muerte del joven necochense de 24 a\u00f1os, Jorge Moyano, quien hab\u00eda intentado quitarse la vida el pasado s\u00e1bado rociando su cuerpo con combustible y se encontraba actualmente internado en el Hospital de Alte Complejidad del Bicentenario de la ciudad de Esteban Echeverr\u00eda. Jorge Luis Moyano, conocido [&hellip;]<\/p>\n","protected":false},"author":3,"featured_media":92017,"comment_status":"closed","ping_status":"closed","sticky":false,"template":"","format":"standard","meta":{"footnotes":""},"categories":[3],"tags":[],"class_list":["post-92016","post","type-post","status-publish","format-standard","has-post-thumbnail","category-masnoticias"],"_links":{"self":[{"href":"https:\/\/primicias2262.com\/noticias\/wp-json\/wp\/v2\/posts\/92016","targetHints":{"allow":["GET"]}}],"collection":[{"href":"https:\/\/primicias2262.com\/noticias\/wp-json\/wp\/v2\/posts"}],"about":[{"href":"https:\/\/primicias2262.com\/noticias\/wp-json\/wp\/v2\/types\/post"}],"author":[{"embeddable":true,"href":"https:\/\/primicias2262.com\/noticias\/wp-json\/wp\/v2\/users\/3"}],"replies":[{"embeddable":true,"href":"https:\/\/primicias2262.com\/noticias\/wp-json\/wp\/v2\/comments?post=92016"}],"version-history":[{"count":0,"href":"https:\/\/primicias2262.com\/noticias\/wp-json\/wp\/v2\/posts\/92016\/revisions"}],"wp:attachment":[{"href":"https:\/\/primicias2262.com\/noticias\/wp-json\/wp\/v2\/media?parent=92016"}],"wp:term":[{"taxonomy":"category","embeddable":true,"href":"https:\/\/primicias2262.com\/noticias\/wp-json\/wp\/v2\/categories?post=92016"},{"taxonomy":"post_tag","embeddable":true,"href":"https:\/\/primicias2262.com\/noticias\/wp-json\/wp\/v2\/tags?post=92016"}],"curies":[{"name":"wp","href":"https:\/\/api.w.org\/{rel}","templated":true}]}}