{"id":92019,"date":"2022-07-27T12:28:24","date_gmt":"2022-07-27T15:28:24","guid":{"rendered":"https:\/\/primicias2262.com\/?p=92019"},"modified":"2022-07-27T12:28:24","modified_gmt":"2022-07-27T15:28:24","slug":"arrate-la-economia-esta-destrozada-estamos-tocando-un-caos-total-y-absoluto","status":"publish","type":"post","link":"https:\/\/primicias2262.com\/noticias\/arrate-la-economia-esta-destrozada-estamos-tocando-un-caos-total-y-absoluto\/","title":{"rendered":"Arrate: \u201cLa econom\u00eda est\u00e1 destrozada, estamos tocando un caos total y absoluto\u201d"},"content":{"rendered":"<p><strong>En una nota en \u201cVoces de la Ciudad\u201d, el empresario local, Jos\u00e9 Luis Arrate, no ahorr\u00f3 en calificativos para describir el presente econ\u00f3mico del pa\u00eds.<\/strong><\/p>\n<p><a href=\"https:\/\/primicias2262.com\/wp-content\/uploads\/2022\/07\/Arrate.jpeg\"><img loading=\"lazy\" decoding=\"async\" class=\"alignright size-medium wp-image-91431\" src=\"https:\/\/primicias2262.com\/wp-content\/uploads\/2022\/07\/Arrate-300x169.jpeg\" alt=\"\" width=\"300\" height=\"169\" \/><\/a>Ante la consulta sobre la situaci\u00f3n econ\u00f3mica, solt\u00f3 que \u201ces un panorama muy complejo, el \u00fanico consuelo que encontramos es que hemos vivido de estas e incluso \u00e9pocas peores. Es una l\u00e1stima llegar a esto, hoy en d\u00eda la econom\u00eda est\u00e1 destrozada, no se sabe lo que vale nada, no se consigue nada, no se permite importar materias primas, casi todo lo que tenemos o fabricamos para armar autos, motos o cubiertas lleva lubricantes y componentes importados que no se est\u00e1n permitiendo ingresar\u201d.<\/p>\n<p>A\u00f1adi\u00f3 a ello que \u201cse est\u00e1n tomando medidas equ\u00edvocadas y a la vista est\u00e1 demostrado con el alza que tuvo el d\u00f3lar, la gente busca refugio en esa moneda y nos estamos metiendo en la autodolarizaci\u00f3n de la econom\u00eda y hoy no se vende casi ning\u00fan producto. No hay precios de referencia, de hecho vendemos el combustible a un precio irrisorio, lo vendemos regalado comparado con cualquier producto, sea una gaseosa, agua mineral o un cigarrillo\u201d.<\/p>\n<p>Ante ello, Arrate referenci\u00f3 que \u201cla mayor\u00eda de las empresas han suspendido sus ventas por no tener un precio de referencia y estamos tocando un caos total y absoluto que se agrava minuto a minuto, y para colmo no se toman medidas serias y concretas. Hay que dar una vuelta absoluta y no se hace nada para ello\u201d.<\/p>\n<p>Al pregunt\u00e1rsele por qu\u00e9 vale m\u00e1s el gas oil que la nafta, explic\u00f3 el empresario: \u201cPorque no hay petr\u00f3leo, y al comenzar una destilaci\u00f3n de un petr\u00f3leo crudo lo primero que sale es nafta y despu\u00e9s sale gas oil, o sea que la nafta hay que sacarla s\u00ed o s\u00ed para despu\u00e9s sacar el gas oil, por eso que la nafta estar\u00eda casi que sobrando y export\u00e1ndose, y lo que nos falta es el gas oil\u201d.<\/p>\n<p>En cuanto al rubro inmobiliario, tampoco tuvo pelos en la lengua para decir que \u201cesa parte est\u00e1 totalmente frenada porque se manejan en d\u00f3lares, pero los ingresos de la gente en cualquier tipo de actividad comercial en el pa\u00eds son en pesos, y los d\u00f3lares en 15 d\u00edas aumentaron un 50%, estaba a 205 y hoy vale 317, entonces esa parte inmobiliaria est\u00e1 frenada a cero\u201d.<\/p>\n<p>Finalmente, respecto a compra y venta de automotores, Arrate inform\u00f3 que \u201cse dej\u00f3 de tener precio de referencia, no hay entrega de veh\u00edculos de ning\u00fan tipo porque faltan componentes y por la cuesti\u00f3n de precios, no hay cubiertas para armarlos tampoco\u201d, para concluir que \u201ccon los avances que tenemos en esta era no podemos estar hablando de esto, tendr\u00edamos que estar hablando de que ya tenemos un tren bala funcionando a 300 kil\u00f3metros por hora y que los ciudadanos est\u00e1n viviendo muy bien, disfrutando de la vida y no sufriendo como estamos en Argentina\u201d.<\/p>\n","protected":false},"excerpt":{"rendered":"<p>En una nota en \u201cVoces de la Ciudad\u201d, el empresario local, Jos\u00e9 Luis Arrate, no ahorr\u00f3 en calificativos para describir el presente econ\u00f3mico del pa\u00eds. Ante la consulta sobre la situaci\u00f3n econ\u00f3mica, solt\u00f3 que \u201ces un panorama muy complejo, el \u00fanico consuelo que encontramos es que hemos vivido de estas e incluso \u00e9pocas peores. Es [&hellip;]<\/p>\n","protected":false},"author":3,"featured_media":92020,"comment_status":"closed","ping_status":"closed","sticky":false,"template":"","format":"standard","meta":{"footnotes":""},"categories":[3],"tags":[],"class_list":["post-92019","post","type-post","status-publish","format-standard","has-post-thumbnail","category-masnoticias"],"_links":{"self":[{"href":"https:\/\/primicias2262.com\/noticias\/wp-json\/wp\/v2\/posts\/92019","targetHints":{"allow":["GET"]}}],"collection":[{"href":"https:\/\/primicias2262.com\/noticias\/wp-json\/wp\/v2\/posts"}],"about":[{"href":"https:\/\/primicias2262.com\/noticias\/wp-json\/wp\/v2\/types\/post"}],"author":[{"embeddable":true,"href":"https:\/\/primicias2262.com\/noticias\/wp-json\/wp\/v2\/users\/3"}],"replies":[{"embeddable":true,"href":"https:\/\/primicias2262.com\/noticias\/wp-json\/wp\/v2\/comments?post=92019"}],"version-history":[{"count":0,"href":"https:\/\/primicias2262.com\/noticias\/wp-json\/wp\/v2\/posts\/92019\/revisions"}],"wp:attachment":[{"href":"https:\/\/primicias2262.com\/noticias\/wp-json\/wp\/v2\/media?parent=92019"}],"wp:term":[{"taxonomy":"category","embeddable":true,"href":"https:\/\/primicias2262.com\/noticias\/wp-json\/wp\/v2\/categories?post=92019"},{"taxonomy":"post_tag","embeddable":true,"href":"https:\/\/primicias2262.com\/noticias\/wp-json\/wp\/v2\/tags?post=92019"}],"curies":[{"name":"wp","href":"https:\/\/api.w.org\/{rel}","templated":true}]}}