{"id":92033,"date":"2022-07-27T13:33:55","date_gmt":"2022-07-27T16:33:55","guid":{"rendered":"https:\/\/primicias2262.com\/?p=92033"},"modified":"2022-07-27T13:33:55","modified_gmt":"2022-07-27T16:33:55","slug":"dones-explico-como-recuperaron-el-presupuesto-participativo-y-su-funcionamiento-actual","status":"publish","type":"post","link":"https:\/\/primicias2262.com\/noticias\/dones-explico-como-recuperaron-el-presupuesto-participativo-y-su-funcionamiento-actual\/","title":{"rendered":"Dones explic\u00f3 c\u00f3mo recuperaron el Presupuesto Participativo y su funcionamiento actual"},"content":{"rendered":"<p>\u201cNos hemos encontrado con vecinos que reclaman obras que se le prometieron en 2017 o 2018, y que ten\u00edan una gran desconfianza en cuanto a la utilizaci\u00f3n de esta herramienta\u201d, referenci\u00f3 el director de H\u00e1bitat, Vivienda y Obras Comunitarias del municipio, Lisandro Dones.<\/p>\n<p>En el marco de una nota realizada por el periodista Hugo Arroyo en los estudios de \u201cVoces de la Ciudad\u201d, el funcionario dedic\u00f3 un importante p\u00e1rrafo para el Presupuesto Participativo, del que inici\u00f3 explicando que \u201ces un programa que pusimos en marcha durante los \u00faltimos meses, que incita al vecino a la participaci\u00f3n directa en la elecci\u00f3n de las obras que van a ejecutarse en su barrio. Si bien son obras de bajo nivel econ\u00f3mico, son de alto impacto social. Es un porcentaje anual del presupuesto del municipio que se destina a ese programa y despu\u00e9s se van ejecutando las obras\u201d.<\/p>\n<p>A la hora de volver a ponerlo en pr\u00e1ctica, Dones se\u00f1al\u00f3 que \u201cnos hemos encontrado con vecinos que reclaman obras que se le prometieron en 2017 o 2018, que quedaron abandonadas y entonces nos propusimos ir cumpliendo con esas obras inconclusas y poner en marcha el nuevo programa 2022-2023\u201d.<\/p>\n<p>A\u00f1adi\u00f3 que \u201ces una herramienta que viene desde 2008 y cuando retomamos este programa lo que nos encontramos fue una gran desconfianza por parte del vecino en cuanto a la utilizaci\u00f3n del Presupuesto Participativo, y era entendible, porque nunca fue implementado en su totalidad, ya fuera por falta de fondos o de inter\u00e9s pol\u00edtico. Entonces nos propusimos ejecutar aquellas obras que hab\u00edan quedado pendientes\u201d.<\/p>\n<p>\u201cAhora ver las asambleas con la gente agradecida, participando, votando y pas\u00e1ndonos sus inquietudes es muy lindo para nosotros. Nos dec\u00edan que nunca les llevaron el apunte en cuanto a las obras que quer\u00edan hacer, y entonces la manera de recomponer la confianza en los funcionarios y la pol\u00edtica que estamos llevando adelante fue recuperar esas obras\u201d, acot\u00f3.<\/p>\n<p>Finalmente, Dones explic\u00f3 c\u00f3mo funciona el PP: \u201cEste programa siempre se divide en dos a\u00f1os, el primer a\u00f1o mediante las asambleas barriales se eligen de manera democr\u00e1tica los delegados de cada barrio, quienes despu\u00e9s nos van a comunicar a nosotros las obras elegidas por los vecinos. Repito, son obras de escala menor, como se\u00f1al\u00e9tica en las esquinas, reductores de velocidad, mejoramiento de plazas o iluminaci\u00f3n, que al segundo a\u00f1o se ejecutan desde el municipio\u201d.<\/p>\n","protected":false},"excerpt":{"rendered":"<p>\u201cNos hemos encontrado con vecinos que reclaman obras que se le prometieron en 2017 o 2018, y que ten\u00edan una gran desconfianza en cuanto a la utilizaci\u00f3n de esta herramienta\u201d, referenci\u00f3 el director de H\u00e1bitat, Vivienda y Obras Comunitarias del municipio, Lisandro Dones. En el marco de una nota realizada por el periodista Hugo Arroyo [&hellip;]<\/p>\n","protected":false},"author":3,"featured_media":92034,"comment_status":"closed","ping_status":"closed","sticky":false,"template":"","format":"standard","meta":{"footnotes":""},"categories":[3],"tags":[],"class_list":["post-92033","post","type-post","status-publish","format-standard","has-post-thumbnail","category-masnoticias"],"_links":{"self":[{"href":"https:\/\/primicias2262.com\/noticias\/wp-json\/wp\/v2\/posts\/92033","targetHints":{"allow":["GET"]}}],"collection":[{"href":"https:\/\/primicias2262.com\/noticias\/wp-json\/wp\/v2\/posts"}],"about":[{"href":"https:\/\/primicias2262.com\/noticias\/wp-json\/wp\/v2\/types\/post"}],"author":[{"embeddable":true,"href":"https:\/\/primicias2262.com\/noticias\/wp-json\/wp\/v2\/users\/3"}],"replies":[{"embeddable":true,"href":"https:\/\/primicias2262.com\/noticias\/wp-json\/wp\/v2\/comments?post=92033"}],"version-history":[{"count":0,"href":"https:\/\/primicias2262.com\/noticias\/wp-json\/wp\/v2\/posts\/92033\/revisions"}],"wp:attachment":[{"href":"https:\/\/primicias2262.com\/noticias\/wp-json\/wp\/v2\/media?parent=92033"}],"wp:term":[{"taxonomy":"category","embeddable":true,"href":"https:\/\/primicias2262.com\/noticias\/wp-json\/wp\/v2\/categories?post=92033"},{"taxonomy":"post_tag","embeddable":true,"href":"https:\/\/primicias2262.com\/noticias\/wp-json\/wp\/v2\/tags?post=92033"}],"curies":[{"name":"wp","href":"https:\/\/api.w.org\/{rel}","templated":true}]}}