{"id":92036,"date":"2022-07-27T13:37:58","date_gmt":"2022-07-27T16:37:58","guid":{"rendered":"https:\/\/primicias2262.com\/?p=92036"},"modified":"2022-07-27T13:37:58","modified_gmt":"2022-07-27T16:37:58","slug":"sanchez-jauregui-visito-las-obras-de-la-casa-de-la-provincia-y-del-jardin-n-918","status":"publish","type":"post","link":"https:\/\/primicias2262.com\/noticias\/sanchez-jauregui-visito-las-obras-de-la-casa-de-la-provincia-y-del-jardin-n-918\/","title":{"rendered":"S\u00e1nchez Ja\u00faregui visit\u00f3 las obras de la Casa de la Provincia y del Jard\u00edn N\u00b0 918"},"content":{"rendered":"<p><strong>La diputada provincial estuvo en la construcci\u00f3n del edificio de la Casa de la Provincia que finalizar\u00e1 el pr\u00f3ximo a\u00f1o. Adem\u00e1s, visit\u00f3 la obra del jard\u00edn N\u00ba 918 que se encuentra en etapa final y pr\u00f3xima a estrenarse.<\/strong><\/p>\n<p>El gobierno bonaerense avanza con la construcci\u00f3n de Casas de la Provincia en los municipios. En esta ocasi\u00f3n, la diputada provincial del Frente de Todos por la quinta secci\u00f3n electoral, Natalia S\u00e1nchez Jauregui, recorri\u00f3 la obra acompa\u00f1ada por Sergio Franqui, delegado de la Uni\u00f3n Obrera de la Construcci\u00f3n de la Rep\u00fablica Argentina (UOCRA), de Necochea.<\/p>\n<p>En este sentido, la diputada se\u00f1al\u00f3 que \u201cen la Casa de la Provincia funcionar\u00e1n todas las dependencias provinciales que hoy se encuentran dispersas en diferentes edificios de la ciudad\u201d y agrego que \u00abesto ayudar\u00e1 a los vecinos y vecinas a la hora de realizar diferentes tr\u00e1mites para que no tengan que ir a diferentes lugares ni gastar m\u00e1s en transporte\u00bb.<\/p>\n<p>Actualmente, trabajan 6 necochenses y en poco tiempo se sumar\u00e1n otros 20 trabajadores de la construcci\u00f3n de la ciudad.<\/p>\n<p>Por otra parte, S\u00e1nchez Jauregui visit\u00f3 la obra del Jard\u00edn N\u00b0918 que se encuentra en su etapa final. Solo restan colocarse los elementos de la cocina y algunos detalles de interior para que los ni\u00f1os y ni\u00f1as puedan disponer de las nuevas instalaciones.<\/p>\n<p>El jard\u00edn cuenta con tres salas, un SUM, cocina, espacio para las y los docentes y un amplio patio con juegos. \u201cEl mobiliario ya est\u00e1 y solo faltan detalles\u201d asegur\u00f3 la legisladora y se\u00f1al\u00f3 que \u201clos ni\u00f1os y ni\u00f1as actualmente tienen clases en una casa a dos cuadras de este nuevo edificio y en breve podr\u00e1n disfrutar de su jard\u00edn, que est\u00e1 hermoso y tiene medidas de seguridad fundamentales para asegurar el cuidado de las y los alumnos\u201d.<\/p>\n<p>Asimismo, remarc\u00f3 la importancia de las medidas de seguridad que se tomaron en cuenta a la hora de construir estas nuevas obras escolares en la Provincia, \u201ccomo es la calefacci\u00f3n o de infraestructura en si mismas\u201d.<\/p>\n<p>\u201cEn la escuela, los ni\u00f1os y ni\u00f1as aprenden a ser ciudadanos y ciudadanas, a respetar al otro, como bonaerense estoy orgullosa del trabajo que viene realizando nuestro Gobernador que defiende y apuesta a la educaci\u00f3n p\u00fablica\u201d.<\/p>\n<p>Este jard\u00edn, ubicado en el Barrio Federal 6 Bis de Quequ\u00e9n \u201ces un modelo a seguir en todos los barrios de la provincia, porque todos los ni\u00f1os y ni\u00f1as deben acceder a un educaci\u00f3n de calidad con infraestructura segura como tiene este establecimiento\u201d, finaliz\u00f3 S\u00e1nchez Jauregui.<\/p>\n","protected":false},"excerpt":{"rendered":"<p>La diputada provincial estuvo en la construcci\u00f3n del edificio de la Casa de la Provincia que finalizar\u00e1 el pr\u00f3ximo a\u00f1o. Adem\u00e1s, visit\u00f3 la obra del jard\u00edn N\u00ba 918 que se encuentra en etapa final y pr\u00f3xima a estrenarse. El gobierno bonaerense avanza con la construcci\u00f3n de Casas de la Provincia en los municipios. En esta [&hellip;]<\/p>\n","protected":false},"author":3,"featured_media":92041,"comment_status":"closed","ping_status":"closed","sticky":false,"template":"","format":"standard","meta":{"footnotes":""},"categories":[3],"tags":[],"class_list":["post-92036","post","type-post","status-publish","format-standard","has-post-thumbnail","category-masnoticias"],"_links":{"self":[{"href":"https:\/\/primicias2262.com\/noticias\/wp-json\/wp\/v2\/posts\/92036","targetHints":{"allow":["GET"]}}],"collection":[{"href":"https:\/\/primicias2262.com\/noticias\/wp-json\/wp\/v2\/posts"}],"about":[{"href":"https:\/\/primicias2262.com\/noticias\/wp-json\/wp\/v2\/types\/post"}],"author":[{"embeddable":true,"href":"https:\/\/primicias2262.com\/noticias\/wp-json\/wp\/v2\/users\/3"}],"replies":[{"embeddable":true,"href":"https:\/\/primicias2262.com\/noticias\/wp-json\/wp\/v2\/comments?post=92036"}],"version-history":[{"count":0,"href":"https:\/\/primicias2262.com\/noticias\/wp-json\/wp\/v2\/posts\/92036\/revisions"}],"wp:attachment":[{"href":"https:\/\/primicias2262.com\/noticias\/wp-json\/wp\/v2\/media?parent=92036"}],"wp:term":[{"taxonomy":"category","embeddable":true,"href":"https:\/\/primicias2262.com\/noticias\/wp-json\/wp\/v2\/categories?post=92036"},{"taxonomy":"post_tag","embeddable":true,"href":"https:\/\/primicias2262.com\/noticias\/wp-json\/wp\/v2\/tags?post=92036"}],"curies":[{"name":"wp","href":"https:\/\/api.w.org\/{rel}","templated":true}]}}