{"id":92038,"date":"2022-07-27T12:39:03","date_gmt":"2022-07-27T15:39:03","guid":{"rendered":"https:\/\/primicias2262.com\/?p=92038"},"modified":"2022-07-27T12:39:03","modified_gmt":"2022-07-27T15:39:03","slug":"claraz-festejo-sus-113-anos-de-vida-con-un-emotivo-acto","status":"publish","type":"post","link":"https:\/\/primicias2262.com\/noticias\/claraz-festejo-sus-113-anos-de-vida-con-un-emotivo-acto\/","title":{"rendered":"Claraz festej\u00f3 sus 113 a\u00f1os de vida con un emotivo acto"},"content":{"rendered":"<p><strong>Antes de dar paso al corte de la torta y los espect\u00e1culos art\u00edsticos, el intendente Arturo Rojas anunci\u00f3 la realizaci\u00f3n de una \u201creuni\u00f3n de gabinete ampliado\u201d para la pr\u00f3xima semana, inaugurando un ciclo participativo mediante el cual los integrantes del Ejecutivo rendir\u00e1n cuentas ante los vecinos de cada localidad.\u00a0<\/strong><\/p>\n<p>La pujante localidad de Claraz cumpli\u00f3 este martes sus primeros 113 a\u00f1os de vida y, por tal motivo, se desarrollaron una serie de festejos a lo largo de la tarde que contaron con la presencia del propio intendente Arturo Rojas, encargado de dar las palabras alusivas en el marco del nuevo aniversario.<\/p>\n<p>La Asociaci\u00f3n Civil de Fomento, a cuyos integrantes se les hizo entrega de la certificaci\u00f3n de habilitaci\u00f3n definitiva despu\u00e9s de tantos a\u00f1os de lucha y compromiso para con la vida institucional del pueblo, se transform\u00f3 en el epicentro de la celebraci\u00f3n por las malas condiciones clim\u00e1ticas reinantes.<\/p>\n<p>Fue all\u00ed donde se dio comienzo al cronograma de actividades programado, con un sencillo, pero emotivo, acto protocolar que fue encabezado por el mandatario municipal en compa\u00f1\u00eda del delegado Jos\u00e9 Garc\u00eda.<\/p>\n<p>Luego de dar la bienvenida a funcionarios, concejales, autoridades educativas y eclesi\u00e1sticas, dirigentes de diferentes espacios pol\u00edticos, empleados, directivos y alumnos, el Jefe de la comuna destac\u00f3: \u201cEs muy emocionante y muy lindo tener la posibilidad de volver a encontrarnos en un acto de festejo de un aniversario, ya que no hab\u00edamos podido hacerlo en los a\u00f1os anteriores por los momentos que nos toc\u00f3 vivir en esta pandemia\u201d.<\/p>\n","protected":false},"excerpt":{"rendered":"<p>Antes de dar paso al corte de la torta y los espect\u00e1culos art\u00edsticos, el intendente Arturo Rojas anunci\u00f3 la realizaci\u00f3n de una \u201creuni\u00f3n de gabinete ampliado\u201d para la pr\u00f3xima semana, inaugurando un ciclo participativo mediante el cual los integrantes del Ejecutivo rendir\u00e1n cuentas ante los vecinos de cada localidad.\u00a0 La pujante localidad de Claraz cumpli\u00f3 [&hellip;]<\/p>\n","protected":false},"author":3,"featured_media":92039,"comment_status":"closed","ping_status":"closed","sticky":false,"template":"","format":"standard","meta":{"footnotes":""},"categories":[3],"tags":[],"class_list":["post-92038","post","type-post","status-publish","format-standard","has-post-thumbnail","category-masnoticias"],"_links":{"self":[{"href":"https:\/\/primicias2262.com\/noticias\/wp-json\/wp\/v2\/posts\/92038","targetHints":{"allow":["GET"]}}],"collection":[{"href":"https:\/\/primicias2262.com\/noticias\/wp-json\/wp\/v2\/posts"}],"about":[{"href":"https:\/\/primicias2262.com\/noticias\/wp-json\/wp\/v2\/types\/post"}],"author":[{"embeddable":true,"href":"https:\/\/primicias2262.com\/noticias\/wp-json\/wp\/v2\/users\/3"}],"replies":[{"embeddable":true,"href":"https:\/\/primicias2262.com\/noticias\/wp-json\/wp\/v2\/comments?post=92038"}],"version-history":[{"count":0,"href":"https:\/\/primicias2262.com\/noticias\/wp-json\/wp\/v2\/posts\/92038\/revisions"}],"wp:attachment":[{"href":"https:\/\/primicias2262.com\/noticias\/wp-json\/wp\/v2\/media?parent=92038"}],"wp:term":[{"taxonomy":"category","embeddable":true,"href":"https:\/\/primicias2262.com\/noticias\/wp-json\/wp\/v2\/categories?post=92038"},{"taxonomy":"post_tag","embeddable":true,"href":"https:\/\/primicias2262.com\/noticias\/wp-json\/wp\/v2\/tags?post=92038"}],"curies":[{"name":"wp","href":"https:\/\/api.w.org\/{rel}","templated":true}]}}