{"id":92058,"date":"2022-07-28T13:11:49","date_gmt":"2022-07-28T16:11:49","guid":{"rendered":"https:\/\/primicias2262.com\/?p=92058"},"modified":"2022-07-28T13:11:49","modified_gmt":"2022-07-28T16:11:49","slug":"este-viernes-29-la-municipalidad-depositaria-los-sueldos-de-julio","status":"publish","type":"post","link":"https:\/\/primicias2262.com\/noticias\/este-viernes-29-la-municipalidad-depositaria-los-sueldos-de-julio\/","title":{"rendered":"Este viernes 29 la Municipalidad depositar\u00eda los sueldos de julio"},"content":{"rendered":"<p><strong>Por Jorge G\u00f3mez<\/strong><\/p>\n<p>La Municipalidad de Necochea estar\u00eda depositando este viernes 29 de julio los sueldos correspondientes al corriente mes, llevando a la pr\u00e1ctica un aumento del 17% que fuera acordado en el reciente marco de las paritarias que mantuvo la administraci\u00f3n central con los gremios que representan a los trabajadores de la comuna.<\/p>\n<p>Fuentes tanto del Departamento Ejecutivo como del Sindicato de Trabajadores Municipales de Necochea (STM) as\u00ed lo dejaron saber, previ\u00e9ndose que, realizado el mencionado dep\u00f3sito, a partir de la 0 hora del venidero s\u00e1bado se podr\u00e1n retirar tales remuneraciones de los cajeros bancarios habilitados al efecto.<\/p>\n<p>Una voz autorizada de la gesti\u00f3n municipal dio cuenta que \u201cel neto de sueldos asciende a 198.400.000 pesos\u201d, o sea el \u201cf\u00edsico\u201d -dinero- que deposita la comuna. Las obligadas retenciones van aparte, o sea que no son parte de ese monto que est\u00e1 llegando a los 200.000.000 de pesos.<\/p>\n<p>\u201cLa idea es pagar -depositar- este viernes (29 de julio) para que se acredite el s\u00e1bado (30 de julio)\u201d, confi\u00f3 ante una requisitoria la fuente del DE, dato compartido por representantes del STM.<\/p>\n<p>De esta manera, y como viene sucediendo en la actual gesti\u00f3n del intendente Arturo Rojas, se concluye el mes y en su \u00faltimo d\u00eda h\u00e1bil se lleva adelante el pago de las remuneraciones a los trabajadores municipales, en este caso con el citado incremento del 17% -tomando como b\u00e1sico los sueldos de marzo-, circunstancia que fue rubricada en el acuerdo paritario que se observ\u00f3 a mediados de este mes.<\/p>\n","protected":false},"excerpt":{"rendered":"<p>Por Jorge G\u00f3mez La Municipalidad de Necochea estar\u00eda depositando este viernes 29 de julio los sueldos correspondientes al corriente mes, llevando a la pr\u00e1ctica un aumento del 17% que fuera acordado en el reciente marco de las paritarias que mantuvo la administraci\u00f3n central con los gremios que representan a los trabajadores de la comuna. Fuentes [&hellip;]<\/p>\n","protected":false},"author":3,"featured_media":77794,"comment_status":"closed","ping_status":"closed","sticky":false,"template":"","format":"standard","meta":{"footnotes":""},"categories":[3],"tags":[],"class_list":["post-92058","post","type-post","status-publish","format-standard","has-post-thumbnail","category-masnoticias"],"_links":{"self":[{"href":"https:\/\/primicias2262.com\/noticias\/wp-json\/wp\/v2\/posts\/92058","targetHints":{"allow":["GET"]}}],"collection":[{"href":"https:\/\/primicias2262.com\/noticias\/wp-json\/wp\/v2\/posts"}],"about":[{"href":"https:\/\/primicias2262.com\/noticias\/wp-json\/wp\/v2\/types\/post"}],"author":[{"embeddable":true,"href":"https:\/\/primicias2262.com\/noticias\/wp-json\/wp\/v2\/users\/3"}],"replies":[{"embeddable":true,"href":"https:\/\/primicias2262.com\/noticias\/wp-json\/wp\/v2\/comments?post=92058"}],"version-history":[{"count":0,"href":"https:\/\/primicias2262.com\/noticias\/wp-json\/wp\/v2\/posts\/92058\/revisions"}],"wp:attachment":[{"href":"https:\/\/primicias2262.com\/noticias\/wp-json\/wp\/v2\/media?parent=92058"}],"wp:term":[{"taxonomy":"category","embeddable":true,"href":"https:\/\/primicias2262.com\/noticias\/wp-json\/wp\/v2\/categories?post=92058"},{"taxonomy":"post_tag","embeddable":true,"href":"https:\/\/primicias2262.com\/noticias\/wp-json\/wp\/v2\/tags?post=92058"}],"curies":[{"name":"wp","href":"https:\/\/api.w.org\/{rel}","templated":true}]}}