{"id":92063,"date":"2022-07-28T14:11:07","date_gmt":"2022-07-28T17:11:07","guid":{"rendered":"https:\/\/primicias2262.com\/?p=92063"},"modified":"2022-07-28T14:11:07","modified_gmt":"2022-07-28T17:11:07","slug":"despues-de-mas-de-20-anos-el-municipio-adquirio-una-pala-cargadora-con-recursos-propios","status":"publish","type":"post","link":"https:\/\/primicias2262.com\/noticias\/despues-de-mas-de-20-anos-el-municipio-adquirio-una-pala-cargadora-con-recursos-propios\/","title":{"rendered":"Despu\u00e9s de m\u00e1s de 20 a\u00f1os, el municipio adquiri\u00f3 una pala cargadora con recursos propios"},"content":{"rendered":"<p>El intendente Arturo Rojas, encabez\u00f3 este jueves en el Corral\u00f3n Municipal la presentaci\u00f3n de la nueva pala cargadora adquirida por una inversi\u00f3n superior a los 17 millones de pesos con recursos propios del municipio, algo que no lograba concretarse desde hac\u00eda m\u00e1s de 20 a\u00f1os.<\/p>\n<p>Acompa\u00f1ado por el secretario de Obras P\u00fablicas, Adri\u00e1n Furno, el jefe comunal expres\u00f3 que \u201chac\u00eda muchos a\u00f1os que no se adquir\u00eda una herramienta tan importante y necesaria como una pala de estas magnitudes, que vendr\u00e1 muy bien para todas las tareas de mantenimiento que desarrolla el Municipio a trav\u00e9s de Obras P\u00fablicas y el Corral\u00f3n\u201d.<\/p>\n<p>\u201cEs importante porque se logra con el esfuerzo de los vecinos, cost\u00f3 m\u00e1s de 17 millones de pesos (17.499.990 la cifra exacta) y se pudo comprar con recursos municipales\u201d, enfatiz\u00f3 el Intendente, quien lejos de conformarse, a\u00f1adi\u00f3 que \u201cesta era una de las tantas herramientas importantes que precis\u00e1bamos\u00bb.<\/p>\n<p>Se\u00f1al\u00f3 que \u00abnecesitamos seguir comprando maquinaria y estamos con un tr\u00e1mite para conseguir una motoniveladora para el Ente Vial\u201d, adem\u00e1s de la posibilidad de adquirir camionetas para diferentes \u00e1reas y un cami\u00f3n desobstructor para Obras Sanitarias.<\/p>\n<p>Por supuesto, Rojas no soslay\u00f3 la crisis actual, al referir que \u201cla situaci\u00f3n econ\u00f3mica del pa\u00eds con incertidumbre no ayuda y pone freno a la hora de conseguir cotizaciones, nosotros ven\u00edamos tramitando un cr\u00e9dito y se ha modificado bastante la tasa de inter\u00e9s que ten\u00edamos originaria del 35%, pero seguimos adelante con el tr\u00e1mite y estamos tratando de acelerarlo porque queremos comprar maquinaria y las m\u00e1quinas est\u00e1n a precio d\u00f3lar\u201d.<\/p>\n<p>Por su parte, el secretario Adri\u00e1n Furno, resalt\u00f3 que \u201cla posibilidad de haber comprado la pala viene del ordenamiento econ\u00f3mico que hoy tiene el municipio\u201d, y referenci\u00f3 que \u201ccuando est\u00e1s con falta de equipos ten\u00e9s que salir a contratar y los valores son altos, pero adem\u00e1s la pala propia permite brindar un servicio acorde a lo que el vecino est\u00e1 pagando por sus tasas, esto es una devoluci\u00f3n de la contraprestaci\u00f3n de la tasa que pag\u00f3 el vecino para brindar el servicio que tanto se necesita en la calle con el movimiento de arena\u201d.<\/p>\n<p>\u201cEs la primera vez que la Municipalidad en 22 a\u00f1os puede adquirir una pala nueva, y sus caracter\u00edsticas t\u00e9cnicas nos van a permitir poder hacer el trabajo de forma m\u00e1s r\u00e1pida y eficiente\u201d, acot\u00f3 el funcionario, puntualizando que \u201cpara elegir la m\u00e1quina se hizo un informe t\u00e9cnico entre las ofertas que hab\u00eda y de acuerdo a ese informe del taller vial se decidi\u00f3 por esta pala\u201d, que es una Crybsa 155 con un balde de tres metros c\u00fabicos, un mejor sistema hidr\u00e1ulico y un motor Cummins 8.3 de mayor potencia.<\/p>\n","protected":false},"excerpt":{"rendered":"<p>El intendente Arturo Rojas, encabez\u00f3 este jueves en el Corral\u00f3n Municipal la presentaci\u00f3n de la nueva pala cargadora adquirida por una inversi\u00f3n superior a los 17 millones de pesos con recursos propios del municipio, algo que no lograba concretarse desde hac\u00eda m\u00e1s de 20 a\u00f1os. Acompa\u00f1ado por el secretario de Obras P\u00fablicas, Adri\u00e1n Furno, el [&hellip;]<\/p>\n","protected":false},"author":3,"featured_media":92064,"comment_status":"closed","ping_status":"closed","sticky":false,"template":"","format":"standard","meta":{"footnotes":""},"categories":[3],"tags":[],"class_list":["post-92063","post","type-post","status-publish","format-standard","has-post-thumbnail","category-masnoticias"],"_links":{"self":[{"href":"https:\/\/primicias2262.com\/noticias\/wp-json\/wp\/v2\/posts\/92063","targetHints":{"allow":["GET"]}}],"collection":[{"href":"https:\/\/primicias2262.com\/noticias\/wp-json\/wp\/v2\/posts"}],"about":[{"href":"https:\/\/primicias2262.com\/noticias\/wp-json\/wp\/v2\/types\/post"}],"author":[{"embeddable":true,"href":"https:\/\/primicias2262.com\/noticias\/wp-json\/wp\/v2\/users\/3"}],"replies":[{"embeddable":true,"href":"https:\/\/primicias2262.com\/noticias\/wp-json\/wp\/v2\/comments?post=92063"}],"version-history":[{"count":0,"href":"https:\/\/primicias2262.com\/noticias\/wp-json\/wp\/v2\/posts\/92063\/revisions"}],"wp:attachment":[{"href":"https:\/\/primicias2262.com\/noticias\/wp-json\/wp\/v2\/media?parent=92063"}],"wp:term":[{"taxonomy":"category","embeddable":true,"href":"https:\/\/primicias2262.com\/noticias\/wp-json\/wp\/v2\/categories?post=92063"},{"taxonomy":"post_tag","embeddable":true,"href":"https:\/\/primicias2262.com\/noticias\/wp-json\/wp\/v2\/tags?post=92063"}],"curies":[{"name":"wp","href":"https:\/\/api.w.org\/{rel}","templated":true}]}}