{"id":92066,"date":"2022-07-28T14:16:18","date_gmt":"2022-07-28T17:16:18","guid":{"rendered":"https:\/\/primicias2262.com\/?p=92066"},"modified":"2022-07-28T14:16:18","modified_gmt":"2022-07-28T17:16:18","slug":"dirigentes-locales-homenajearon-a-evita-con-actos-en-necochea-y-chapadmalal","status":"publish","type":"post","link":"https:\/\/primicias2262.com\/noticias\/dirigentes-locales-homenajearon-a-evita-con-actos-en-necochea-y-chapadmalal\/","title":{"rendered":"Dirigentes locales homenajearon a Evita con actos en Necochea y Chapadmalal"},"content":{"rendered":"<p><strong>El 26 de julio se cumplieron 70 a\u00f1os del fallecimiento de Eva Duarte de Per\u00f3n, motivo por el cual el Movimiento Evita Necochea record\u00f3 y homenaje\u00f3 la figura de Evita en Chapadmalal y en Necochea.<\/strong><\/p>\n<p>\u201cEn horas de la ma\u00f1ana un importante contingente de m\u00e1s de 150 militantes pertenecientes al Movimiento Evita, UTEP Evita y Atahualpa Pueblo Unido acompa\u00f1\u00f3 al Presidente de la Naci\u00f3n, Alberto Fern\u00e1ndez, en la reinauguraci\u00f3n del Hotel N\u00b0 6 del Complejo Tur\u00edstico de Chapadmalal fundado por Eva Per\u00f3n, un emblema del turismo social para los m\u00e1s humildes, ni\u00f1os y ancianos\u201d, informaron.<\/p>\n<p>En un masivo acto\u00a0 organizado por el peronismo marplatense y con una importante participaci\u00f3n del Movimiento Evita de la Quinta Secci\u00f3n Electoral, \u201cparticiparon referentes locales como Luciano Lescano, Roc\u00edo Mateo, Patricia Aranda, Critian Sierra, Diego Britos y Clara Spada de Atahualpa\u201d, agregaron.<\/p>\n<p><a href=\"https:\/\/primicias2262.com\/wp-content\/uploads\/2022\/07\/IMG-20220727-WA0013.jpg\"><img loading=\"lazy\" decoding=\"async\" class=\"aligncenter size-large wp-image-92067\" src=\"https:\/\/primicias2262.com\/wp-content\/uploads\/2022\/07\/IMG-20220727-WA0013-1024x756.jpg\" alt=\"\" width=\"696\" height=\"514\" \/><\/a><\/p>\n<p>En tanto, por la tarde, en Necochea, al conmemorarse el 70\u00ba aniversario del fallecimiento de la \u201cabanderada de los humildes\u201d se procedi\u00f3 a inaugurar un mural y se realiz\u00f3 un cuadro de danza sobre la historia de Juan Domingo Per\u00f3n y Eva Duarte a cargo de la Secretar\u00eda de Cultura del Movimiento Evita.<\/p>\n<p>La responsable local, Rocio Mateo, destac\u00f3 la obra de la mujer pol\u00edtica del siglo XX y convoc\u00f3 a los presentes a continuar con el ejemplo de Eva, trabajando cada d\u00eda sin rendirse, ni bajar los brazos por los m\u00e1s humildes del pa\u00eds.<\/p>\n","protected":false},"excerpt":{"rendered":"<p>El 26 de julio se cumplieron 70 a\u00f1os del fallecimiento de Eva Duarte de Per\u00f3n, motivo por el cual el Movimiento Evita Necochea record\u00f3 y homenaje\u00f3 la figura de Evita en Chapadmalal y en Necochea. \u201cEn horas de la ma\u00f1ana un importante contingente de m\u00e1s de 150 militantes pertenecientes al Movimiento Evita, UTEP Evita y [&hellip;]<\/p>\n","protected":false},"author":3,"featured_media":92068,"comment_status":"closed","ping_status":"closed","sticky":false,"template":"","format":"standard","meta":{"footnotes":""},"categories":[3],"tags":[],"class_list":["post-92066","post","type-post","status-publish","format-standard","has-post-thumbnail","category-masnoticias"],"_links":{"self":[{"href":"https:\/\/primicias2262.com\/noticias\/wp-json\/wp\/v2\/posts\/92066","targetHints":{"allow":["GET"]}}],"collection":[{"href":"https:\/\/primicias2262.com\/noticias\/wp-json\/wp\/v2\/posts"}],"about":[{"href":"https:\/\/primicias2262.com\/noticias\/wp-json\/wp\/v2\/types\/post"}],"author":[{"embeddable":true,"href":"https:\/\/primicias2262.com\/noticias\/wp-json\/wp\/v2\/users\/3"}],"replies":[{"embeddable":true,"href":"https:\/\/primicias2262.com\/noticias\/wp-json\/wp\/v2\/comments?post=92066"}],"version-history":[{"count":0,"href":"https:\/\/primicias2262.com\/noticias\/wp-json\/wp\/v2\/posts\/92066\/revisions"}],"wp:attachment":[{"href":"https:\/\/primicias2262.com\/noticias\/wp-json\/wp\/v2\/media?parent=92066"}],"wp:term":[{"taxonomy":"category","embeddable":true,"href":"https:\/\/primicias2262.com\/noticias\/wp-json\/wp\/v2\/categories?post=92066"},{"taxonomy":"post_tag","embeddable":true,"href":"https:\/\/primicias2262.com\/noticias\/wp-json\/wp\/v2\/tags?post=92066"}],"curies":[{"name":"wp","href":"https:\/\/api.w.org\/{rel}","templated":true}]}}