{"id":92070,"date":"2022-07-28T14:25:40","date_gmt":"2022-07-28T17:25:40","guid":{"rendered":"https:\/\/primicias2262.com\/?p=92070"},"modified":"2022-07-28T14:25:40","modified_gmt":"2022-07-28T17:25:40","slug":"ste-vierbes-se-emitira-la-ultima-edicion-del-noticieron-nocturno-de-tsn","status":"publish","type":"post","link":"https:\/\/primicias2262.com\/noticias\/ste-vierbes-se-emitira-la-ultima-edicion-del-noticieron-nocturno-de-tsn\/","title":{"rendered":"Este viernes se emitir\u00e1 la \u00faltima edici\u00f3n del noticieron nocturno de TSN"},"content":{"rendered":"<p><strong>Por Jorge G\u00f3mez<\/strong><\/p>\n<p>En una decisi\u00f3n empresarial privada, que vino teniendo evoluci\u00f3n desde fines del verano pasado, y que se materializar\u00e1 en horas m\u00e1s, este viernes 29 de julio ser\u00e1 la \u00faltima jornada en que pondr\u00e1 en el aire la emisi\u00f3n nocturna del noticiero de la TV por cable producido desde Necochea, programa conocido como TSN (Todo sobre Necochea).<\/p>\n<p>Por lo tanto este viernes 29 se podr\u00e1 ver en vivo la \u00faltima emisi\u00f3n nocturna del noticiero de temas locales que ofrece la televisi\u00f3n por cable (por muchos citados como \u201cel noticiero del canal 4\u201d), dispuesta e incluida en la frecuencia 7, de lo que se conoce actualmente como Personal-Flow, que fue mutando estos a\u00f1os desde la primigenia se\u00f1al de Canal 4, de la firma Palacios y Guti\u00e9rrez; que luego se constituy\u00f3 en Cablevisi\u00f3n, a lo que se sum\u00f3 m\u00e1s tarde -fusion\u00e1ndose en la oferta informativa aludida- La Capital Cable -con PROSICOM a cargo de las producciones de ra\u00edz necochense-; y que est\u00e1 cerr\u00e1ndose con la empresa que hoy regentea los destinos de lo que proviene y surge de las remozadas oficinas de avenida 59 casi 52.<\/p>\n<p>La producci\u00f3n del noticiero televisivo est\u00e1 a cargo de la firma PROSICOM, empresa a cuyo frente se cita tanto al se\u00f1or Guillermo Ignacio como a su hijo Andr\u00e9s Ignacio, ambos integrantes de una familia de extensa trayectoria en el mundo period\u00edstico de Necochea, con actuaci\u00f3n anterior a esta etapa, y por d\u00e9cadas, en la direcci\u00f3n de Ecos Diarios.<\/p>\n<p>Se conoce que TSN como marca de noticias seguir\u00e1 estando vigente, pero en este caso desde una p\u00e1gina web que lleva tal nombre y seguir\u00e1 ostentando la misma denominaci\u00f3n. O sea, un portal m\u00e1s que se suma a los numerosos que se encuentran en la web.<\/p>\n<p>La decisi\u00f3n de la empresa a cargo del contenido y el sost\u00e9n de la frecuencia 7 -donde se halla el noticiero que est\u00e1 finalizando su actividad- habr\u00eda enviado los telegramas de despido, abonando las correspondientes indemnizaciones al personal.<\/p>\n<p>La se\u00f1al de la citada frecuencia 7 pasar\u00e1 a contar con contenidos originados desde la ciudad de Mar del Plata junto a otros producidos gestados en nuestra ciudad.<\/p>\n<p>Se supo que tendr\u00e1n continuidad programas como El Ciudadano, La Dulce Crece y D\u00edas de Pesca, los que se elaboran en forma independiente en Necochea.<\/p>\n<p>Estos, entre otros, continuar\u00e1n siendo parte de la grilla de la oferta de la TV por cable -se reitera frecuencia 7- con abono a Personal-Flow.<\/p>\n<p>Con el final del noticiero nocturno de TSN de este viernes 29 de julio se estar\u00e1 cerrando una etapa cotidiana de novedades de raigambre local de observancia de parte de numerosos televidentes que son de sentarse por la noche a observar el resumen de novedades de la jornada.<\/p>\n<p>Un programa que fue llevado cabo por personal period\u00edstico, t\u00e9cnico y administrativo oriundo de nuestra ciudad, que incluso lleg\u00f3 a ofrecerse todos los d\u00edas de la semana, incluyendo s\u00e1bado y domingo, y de importante presencia en cada uno de los hogares que mes a mes son de hacer frente al abono de la TV por cable.<\/p>\n","protected":false},"excerpt":{"rendered":"<p>Por Jorge G\u00f3mez En una decisi\u00f3n empresarial privada, que vino teniendo evoluci\u00f3n desde fines del verano pasado, y que se materializar\u00e1 en horas m\u00e1s, este viernes 29 de julio ser\u00e1 la \u00faltima jornada en que pondr\u00e1 en el aire la emisi\u00f3n nocturna del noticiero de la TV por cable producido desde Necochea, programa conocido como [&hellip;]<\/p>\n","protected":false},"author":3,"featured_media":92071,"comment_status":"closed","ping_status":"closed","sticky":false,"template":"","format":"standard","meta":{"footnotes":""},"categories":[3],"tags":[],"class_list":["post-92070","post","type-post","status-publish","format-standard","has-post-thumbnail","category-masnoticias"],"_links":{"self":[{"href":"https:\/\/primicias2262.com\/noticias\/wp-json\/wp\/v2\/posts\/92070","targetHints":{"allow":["GET"]}}],"collection":[{"href":"https:\/\/primicias2262.com\/noticias\/wp-json\/wp\/v2\/posts"}],"about":[{"href":"https:\/\/primicias2262.com\/noticias\/wp-json\/wp\/v2\/types\/post"}],"author":[{"embeddable":true,"href":"https:\/\/primicias2262.com\/noticias\/wp-json\/wp\/v2\/users\/3"}],"replies":[{"embeddable":true,"href":"https:\/\/primicias2262.com\/noticias\/wp-json\/wp\/v2\/comments?post=92070"}],"version-history":[{"count":0,"href":"https:\/\/primicias2262.com\/noticias\/wp-json\/wp\/v2\/posts\/92070\/revisions"}],"wp:attachment":[{"href":"https:\/\/primicias2262.com\/noticias\/wp-json\/wp\/v2\/media?parent=92070"}],"wp:term":[{"taxonomy":"category","embeddable":true,"href":"https:\/\/primicias2262.com\/noticias\/wp-json\/wp\/v2\/categories?post=92070"},{"taxonomy":"post_tag","embeddable":true,"href":"https:\/\/primicias2262.com\/noticias\/wp-json\/wp\/v2\/tags?post=92070"}],"curies":[{"name":"wp","href":"https:\/\/api.w.org\/{rel}","templated":true}]}}