{"id":92075,"date":"2022-07-25T19:35:54","date_gmt":"2022-07-25T22:35:54","guid":{"rendered":"https:\/\/primicias2262.com\/?p=92075"},"modified":"2022-07-25T19:35:54","modified_gmt":"2022-07-25T22:35:54","slug":"diego-santilli-visita-necochea-en-gira-de-apoyo-a-martin-migueles","status":"publish","type":"post","link":"https:\/\/primicias2262.com\/noticias\/diego-santilli-visita-necochea-en-gira-de-apoyo-a-martin-migueles\/","title":{"rendered":"Diego Santilli visita Necochea, en gira de apoyo a Mart\u00edn Migueles"},"content":{"rendered":"<p><strong>Por Jorge G\u00f3mez<\/strong><\/p>\n<p>Se defini\u00f3 el programa de actividades que llevar\u00e1 adelante este viernes 29 de julio en Necochea el diputado nacional Diego Santilli, originario del PRO, en una gira que incluir\u00e1 una visita a la ciudad de Lober\u00eda.<\/p>\n<p>Su llegada se producir\u00eda en el marco de lo que se considerar\u00eda un apoyo y aval a la precandidatura a intendente local del doctor Mart\u00edn Migueles, de cara al proceso electoral que tendr\u00e1 desarrollo el a\u00f1o pr\u00f3ximo, en el que tambi\u00e9n est\u00e1 anotado aquel legislador como futuro aspirante a gobernador de la Provincia de Buenos Aires en representaci\u00f3n de Juntos.<\/p>\n<p>Diego Santilli tiene previsto arribar a Necochea en horas del mediod\u00eda y como primera acci\u00f3n mantendr\u00e1 un \u201calmuerzo pol\u00edtico\u201d en el Centro Vasco de Necochea, en avenida 58 esquina 65<\/p>\n<p>Seguidamente se trasladar\u00e1 a Quequ\u00e9n, donde recorrer\u00e1 diversos sectores de la empresa Sitio 0, ocasi\u00f3n en que tomar\u00e1 conocimiento de la operatoria de la firma exportadora y por ende de las actividades portuarias.<\/p>\n<p>Poco despu\u00e9s de las 16 el diputado nacional Diego Santilli y la comitiva que lo acompa\u00f1e se instalar\u00e1 en el caf\u00e9 Fedra, en avenida 59 esquina 62, en el centro de Necochea, donde compartir\u00e1 un caf\u00e9 y departir\u00e1 con vecinos de nuestra ciudad, tras lo cual, y en el mismo sitio, atender\u00e1 a los medios de prensa.<\/p>\n","protected":false},"excerpt":{"rendered":"<p>Por Jorge G\u00f3mez Se defini\u00f3 el programa de actividades que llevar\u00e1 adelante este viernes 29 de julio en Necochea el diputado nacional Diego Santilli, originario del PRO, en una gira que incluir\u00e1 una visita a la ciudad de Lober\u00eda. Su llegada se producir\u00eda en el marco de lo que se considerar\u00eda un apoyo y aval [&hellip;]<\/p>\n","protected":false},"author":3,"featured_media":92076,"comment_status":"closed","ping_status":"closed","sticky":false,"template":"","format":"standard","meta":{"footnotes":""},"categories":[3],"tags":[],"class_list":["post-92075","post","type-post","status-publish","format-standard","has-post-thumbnail","category-masnoticias"],"_links":{"self":[{"href":"https:\/\/primicias2262.com\/noticias\/wp-json\/wp\/v2\/posts\/92075","targetHints":{"allow":["GET"]}}],"collection":[{"href":"https:\/\/primicias2262.com\/noticias\/wp-json\/wp\/v2\/posts"}],"about":[{"href":"https:\/\/primicias2262.com\/noticias\/wp-json\/wp\/v2\/types\/post"}],"author":[{"embeddable":true,"href":"https:\/\/primicias2262.com\/noticias\/wp-json\/wp\/v2\/users\/3"}],"replies":[{"embeddable":true,"href":"https:\/\/primicias2262.com\/noticias\/wp-json\/wp\/v2\/comments?post=92075"}],"version-history":[{"count":0,"href":"https:\/\/primicias2262.com\/noticias\/wp-json\/wp\/v2\/posts\/92075\/revisions"}],"wp:attachment":[{"href":"https:\/\/primicias2262.com\/noticias\/wp-json\/wp\/v2\/media?parent=92075"}],"wp:term":[{"taxonomy":"category","embeddable":true,"href":"https:\/\/primicias2262.com\/noticias\/wp-json\/wp\/v2\/categories?post=92075"},{"taxonomy":"post_tag","embeddable":true,"href":"https:\/\/primicias2262.com\/noticias\/wp-json\/wp\/v2\/tags?post=92075"}],"curies":[{"name":"wp","href":"https:\/\/api.w.org\/{rel}","templated":true}]}}