{"id":92082,"date":"2022-07-29T10:25:00","date_gmt":"2022-07-29T13:25:00","guid":{"rendered":"https:\/\/primicias2262.com\/?p=92082"},"modified":"2022-07-29T10:25:00","modified_gmt":"2022-07-29T13:25:00","slug":"los-valientes-del-necochea-golf-club-participaron-en-la-copa-gran-maestro","status":"publish","type":"post","link":"https:\/\/primicias2262.com\/noticias\/los-valientes-del-necochea-golf-club-participaron-en-la-copa-gran-maestro\/","title":{"rendered":"Los \u201cValientes\u201d del Necochea Golf Club participaron en la Copa Gran Maestro"},"content":{"rendered":"<p><strong>El evento por el D\u00eda del Golf Nacional, en homenaje al gran Roberto De Vicenzo, se llev\u00f3 a cabo en el Mar del Plata Golf Club, conocido como \u201cLa Catedral del Golf\u201d, donde el grupo de deportistas adaptados de la instituci\u00f3n privada necochense fue acompa\u00f1ado por el Prof. Gonzalo Ortiz y la acompa\u00f1ante terap\u00e9utica, Jimena Mart\u00edn.<\/strong><\/p>\n<p>El 15 de julio es el D\u00eda del Golfista en Argentina, en honor a la inigualable haza\u00f1a del argentino Roberto De Vicenzo, quien ese mismo d\u00eda del a\u00f1o 1967 conquistara el Abierto Brit\u00e1nico (torneo m\u00e1s prestigioso del golf) en la ciudad inglesa de Liverpool. Por ello, este \u00faltimo 18 de julio se desarroll\u00f3 la Copa Gran Maestro (como se le apodaba a De Vicenzo) en la Catedral del Golf de Playa Grande, Mar del Plata, donde se destac\u00f3 la presencia del equipo de \u201cValientes Necochea\u201d, el grupo de golfistas adaptados que pertenecen al Necochea Golf Club, instituci\u00f3n privada que nuclea la Federaci\u00f3n Regional Mar y Sierras.<\/p>\n<p><a href=\"https:\/\/primicias2262.com\/wp-content\/uploads\/2022\/07\/golf2.jpeg\"><img loading=\"lazy\" decoding=\"async\" class=\"aligncenter size-large wp-image-92084\" src=\"https:\/\/primicias2262.com\/wp-content\/uploads\/2022\/07\/golf2-1024x461.jpeg\" alt=\"\" width=\"696\" height=\"313\" \/><\/a><\/p>\n<p>Acompa\u00f1ados por el profesional de golf del Necochea G.C., Gonzalo Ortiz, y la acompa\u00f1ante terap\u00e9utica Jimena Mart\u00edn, los \u201cValientes\u201d necochenses que vivieron una inolvidable experiencia en Mar del Plata fueron Pedro Jos\u00e9 Retta, Lisandro Keergaard, Romina Borkowski y Mat\u00edas D\u2019Annunzio, quienes en este caso tomaron parte en la Copa Gran Maestro, pero adem\u00e1s participan todos los meses en diferentes lugares y eventos golf\u00edsticos.<\/p>\n<p>En esta oportunidad, tuvieron el gusto de jugar en el Mar del Plata Golf Club, conocido en todo el pa\u00eds como \u201cLa Catedral del Golf\u201d, la cual naci\u00f3 en los m\u00e9danos de Playa Grande a fines del Siglo 19, siendo uno de los primeros clubes de golf del pa\u00eds. Sus fundadores fueron ingleses que trabajaban en el Ferrocarril marplatense, quienes comenzaron a practicar el deporte en los descampados al sur de Mar del Plata alrededor del a\u00f1o 1890 y diez a\u00f1os despu\u00e9s, el 17 de enero de 1900 fundaron lo que hoy se conoce como La Catedral del Golf.<\/p>\n<p><a href=\"https:\/\/primicias2262.com\/wp-content\/uploads\/2022\/07\/golf3.jpeg\"><img loading=\"lazy\" decoding=\"async\" class=\"aligncenter size-large wp-image-92085\" src=\"https:\/\/primicias2262.com\/wp-content\/uploads\/2022\/07\/golf3-669x1024.jpeg\" alt=\"\" width=\"669\" height=\"1024\" \/><\/a><\/p>\n","protected":false},"excerpt":{"rendered":"<p>El evento por el D\u00eda del Golf Nacional, en homenaje al gran Roberto De Vicenzo, se llev\u00f3 a cabo en el Mar del Plata Golf Club, conocido como \u201cLa Catedral del Golf\u201d, donde el grupo de deportistas adaptados de la instituci\u00f3n privada necochense fue acompa\u00f1ado por el Prof. Gonzalo Ortiz y la acompa\u00f1ante terap\u00e9utica, Jimena [&hellip;]<\/p>\n","protected":false},"author":3,"featured_media":92083,"comment_status":"closed","ping_status":"closed","sticky":false,"template":"","format":"standard","meta":{"footnotes":""},"categories":[3],"tags":[],"class_list":["post-92082","post","type-post","status-publish","format-standard","has-post-thumbnail","category-masnoticias"],"_links":{"self":[{"href":"https:\/\/primicias2262.com\/noticias\/wp-json\/wp\/v2\/posts\/92082","targetHints":{"allow":["GET"]}}],"collection":[{"href":"https:\/\/primicias2262.com\/noticias\/wp-json\/wp\/v2\/posts"}],"about":[{"href":"https:\/\/primicias2262.com\/noticias\/wp-json\/wp\/v2\/types\/post"}],"author":[{"embeddable":true,"href":"https:\/\/primicias2262.com\/noticias\/wp-json\/wp\/v2\/users\/3"}],"replies":[{"embeddable":true,"href":"https:\/\/primicias2262.com\/noticias\/wp-json\/wp\/v2\/comments?post=92082"}],"version-history":[{"count":0,"href":"https:\/\/primicias2262.com\/noticias\/wp-json\/wp\/v2\/posts\/92082\/revisions"}],"wp:attachment":[{"href":"https:\/\/primicias2262.com\/noticias\/wp-json\/wp\/v2\/media?parent=92082"}],"wp:term":[{"taxonomy":"category","embeddable":true,"href":"https:\/\/primicias2262.com\/noticias\/wp-json\/wp\/v2\/categories?post=92082"},{"taxonomy":"post_tag","embeddable":true,"href":"https:\/\/primicias2262.com\/noticias\/wp-json\/wp\/v2\/tags?post=92082"}],"curies":[{"name":"wp","href":"https:\/\/api.w.org\/{rel}","templated":true}]}}