{"id":92101,"date":"2022-07-29T12:47:43","date_gmt":"2022-07-29T15:47:43","guid":{"rendered":"https:\/\/primicias2262.com\/?p=92101"},"modified":"2022-07-29T12:47:43","modified_gmt":"2022-07-29T15:47:43","slug":"por-un-paro-de-la-uta-el-martes-por-la-noche-y-miercoles-se-resentiria-el-servicio-de-micros","status":"publish","type":"post","link":"https:\/\/primicias2262.com\/noticias\/por-un-paro-de-la-uta-el-martes-por-la-noche-y-miercoles-se-resentiria-el-servicio-de-micros\/","title":{"rendered":"Por un paro de la UTA, el martes por la noche y mi\u00e9rcoles se resentir\u00eda el servicio de micros"},"content":{"rendered":"<p><strong><a href=\"https:\/\/primicias2262.com\/wp-content\/uploads\/2021\/08\/Gomez.jpg\"><img loading=\"lazy\" decoding=\"async\" class=\"alignleft size-medium wp-image-80409\" src=\"https:\/\/primicias2262.com\/wp-content\/uploads\/2021\/08\/Gomez-269x300.jpg\" alt=\"\" width=\"269\" height=\"300\" \/><\/a>Por Jorge G\u00f3mez<\/strong><\/p>\n<p>As\u00ed lo confirm\u00f3 la UTA (Uni\u00f3n Tranviarios Automotor) luego de una reuni\u00f3n con la c\u00e1mara que nuclea a transportistas del interior, que incluye a las firmas concesionarias locales. La medida se adoptar\u00e1 entre las 22 del martes pr\u00f3ximo y las 6 de la ma\u00f1ana del venidero mi\u00e9rcoles.<\/p>\n<p>El paro de colectivos que la Uni\u00f3n Tranviarios Automotor (UTA) anunci\u00f3 para la semana que viene se har\u00e1 efectivo en Necochea y Quequ\u00e9n, por lo que las unidades circular\u00e1n con la aludida restricci\u00f3n, dado que a partir de las 22 del martes y hasta las 6 de la ma\u00f1ana del mi\u00e9rcoles habr\u00e1 un paro de actividades, afectando en nuestro caso la \u00faltima salida de cabecera -micros azules- que se produce a las 22 y minutos, y el regreso desde la playa hacia la cabecera poco despu\u00e9s de las 23.<\/p>\n<p>Lo mismo se estar\u00eda dando con la apertura de micros a primera hora de la ma\u00f1ana, con las unidades que se mueven entre las 5 y las 6 de la ma\u00f1ana, que reci\u00e9n estar\u00edan operativas a partir de este \u00faltimo horario.<\/p>\n<p>El gremio comunic\u00f3 en las \u00faltimas horas que, ante la negativa de las empresas de otorgar a los trabajadores un bono de $25.000 en el marco de su reclamo para adelantar la revisi\u00f3n paritaria, se decidi\u00f3 llevar a cabo un paro en el transporte el pr\u00f3ximo martes 2 de agosto que afectar\u00e1 al mencionado servicio nocturno -se reitera- a partir de las 22 y hasta las 6 del mi\u00e9rcoles. El resto de la jornada, en el plano local, circular\u00e1n normalmente.<\/p>\n<p>De acuerdo al comunicado de la UTA, con la firma del secretario general Roberto Fern\u00e1ndez, el cese de actividades ser\u00e1 para reclamar un \u201csalario digno\u201d que sirva para contrarrestar \u201cla inflaci\u00f3n que mes a mes reduce el poder de compra\u201d.<\/p>\n<p>La medida de fuerza afectar\u00e1 principalmente al \u00c1rea Metropolitana de Buenos Aires (Amba) y el conurbano bonaerense, en virtud del horario en que se desarrollar\u00e1. Sin embargo, es extensiva a todo el territorio nacional.<\/p>\n<p>La decisi\u00f3n se tom\u00f3 una vez conocida el acta de una reuni\u00f3n v\u00eda Zoom, a instancias del Ministerio de Trabajo, realizada al mediod\u00eda con representantes de la Federaci\u00f3n Argentina de Transportadores por Automotor de Pasajeros (FATAP), la c\u00e1mara que nuclea al transporte en el interior.<\/p>\n","protected":false},"excerpt":{"rendered":"<p>Por Jorge G\u00f3mez As\u00ed lo confirm\u00f3 la UTA (Uni\u00f3n Tranviarios Automotor) luego de una reuni\u00f3n con la c\u00e1mara que nuclea a transportistas del interior, que incluye a las firmas concesionarias locales. La medida se adoptar\u00e1 entre las 22 del martes pr\u00f3ximo y las 6 de la ma\u00f1ana del venidero mi\u00e9rcoles. El paro de colectivos que [&hellip;]<\/p>\n","protected":false},"author":3,"featured_media":77143,"comment_status":"closed","ping_status":"closed","sticky":false,"template":"","format":"standard","meta":{"footnotes":""},"categories":[3],"tags":[],"class_list":["post-92101","post","type-post","status-publish","format-standard","has-post-thumbnail","category-masnoticias"],"_links":{"self":[{"href":"https:\/\/primicias2262.com\/noticias\/wp-json\/wp\/v2\/posts\/92101","targetHints":{"allow":["GET"]}}],"collection":[{"href":"https:\/\/primicias2262.com\/noticias\/wp-json\/wp\/v2\/posts"}],"about":[{"href":"https:\/\/primicias2262.com\/noticias\/wp-json\/wp\/v2\/types\/post"}],"author":[{"embeddable":true,"href":"https:\/\/primicias2262.com\/noticias\/wp-json\/wp\/v2\/users\/3"}],"replies":[{"embeddable":true,"href":"https:\/\/primicias2262.com\/noticias\/wp-json\/wp\/v2\/comments?post=92101"}],"version-history":[{"count":0,"href":"https:\/\/primicias2262.com\/noticias\/wp-json\/wp\/v2\/posts\/92101\/revisions"}],"wp:attachment":[{"href":"https:\/\/primicias2262.com\/noticias\/wp-json\/wp\/v2\/media?parent=92101"}],"wp:term":[{"taxonomy":"category","embeddable":true,"href":"https:\/\/primicias2262.com\/noticias\/wp-json\/wp\/v2\/categories?post=92101"},{"taxonomy":"post_tag","embeddable":true,"href":"https:\/\/primicias2262.com\/noticias\/wp-json\/wp\/v2\/tags?post=92101"}],"curies":[{"name":"wp","href":"https:\/\/api.w.org\/{rel}","templated":true}]}}