{"id":92103,"date":"2022-07-29T13:05:59","date_gmt":"2022-07-29T16:05:59","guid":{"rendered":"https:\/\/primicias2262.com\/?p=92103"},"modified":"2022-07-29T13:05:59","modified_gmt":"2022-07-29T16:05:59","slug":"el-centro-de-jubilados-de-quequen-planifica-excursiones-para-agosto-y-septiembre","status":"publish","type":"post","link":"https:\/\/primicias2262.com\/noticias\/el-centro-de-jubilados-de-quequen-planifica-excursiones-para-agosto-y-septiembre\/","title":{"rendered":"El Centro de Jubilados de Quequ\u00e9n planifica excursiones para agosto y septiembre"},"content":{"rendered":"<p>Quien brind\u00f3 informaci\u00f3n al respecto fue el presidente del Centro de Jubilados y Pensionados de Quequ\u00e9n, en 519 N\u00ba 2699, Daniel Argibay, durante una nota realizada en \u201cVoces de la Ciudad\u201d.<\/p>\n<p>Primeramente inform\u00f3 que \u201cuna de las excursiones est\u00e1 planificada para agosto, ser\u00e1 en las termas de Dolores, incluye entrada y desayuno por 5700 pesos. Ser\u00e1 un viernes, ya que la concurrencia es menor a la fin de semana, y en este caso cada uno puede llevarse viandas para no generar gastos de comida\u201d, aunque dej\u00f3 entrever que el valor del viaje est\u00e1 sujeto a posibles aumentos del gas oil.<\/p>\n<p>En tanto, para septiembre, a\u00fan con fecha a fijar, \u201ctenemos otra excursi\u00f3n a Tigre, a la cual saldr\u00edamos de madrugada para pasar todo el d\u00eda en esa localidad, s\u00e1bado o domingo, con un costo de 8500 pesos. En este caso se incluye solo traslado y cada uno abona all\u00ed lo que consuma\u201d, se\u00f1al\u00f3 Argibay, agregando que \u201cson 18 personas por excursi\u00f3n, que es la capacidad que tiene la combi\u201d.<\/p>\n<p>Para anotarse, puntualiz\u00f3 que \u201cestaremos jueves y viernes en el Centro de Jubilados a partir de las 10, o en todo caso pueden llamar al 15-505635, y los anotamos para completar el cupo de 18 personas. La empresa ha tenido la amabilidad de hacernos un precio especial para jubilados, pero las excursiones se brindan a toda la comunidad, as\u00ed que puede viajar el que lo desee\u201d.<\/p>\n<p>En cuanto al presente de la instituci\u00f3n, Argibay describi\u00f3 que \u201cel centro de Jubilados est\u00e1 trabajando a pleno, con atenci\u00f3n lunes, jueves y viernes a partir de las 9.30 y estamos con actividades como gimnasia para adultos mayores y zumba, que nos permiten ir solventando gastos que tenemos mensualmente. Tambi\u00e9n tenemos un sal\u00f3n grande con capacidad para 100 personas, cuyo alquiler nos permite ir haciendo las mejoras correspondientes\u201d.<\/p>\n","protected":false},"excerpt":{"rendered":"<p>Quien brind\u00f3 informaci\u00f3n al respecto fue el presidente del Centro de Jubilados y Pensionados de Quequ\u00e9n, en 519 N\u00ba 2699, Daniel Argibay, durante una nota realizada en \u201cVoces de la Ciudad\u201d. Primeramente inform\u00f3 que \u201cuna de las excursiones est\u00e1 planificada para agosto, ser\u00e1 en las termas de Dolores, incluye entrada y desayuno por 5700 pesos. [&hellip;]<\/p>\n","protected":false},"author":3,"featured_media":92104,"comment_status":"closed","ping_status":"closed","sticky":false,"template":"","format":"standard","meta":{"footnotes":""},"categories":[3],"tags":[],"class_list":["post-92103","post","type-post","status-publish","format-standard","has-post-thumbnail","category-masnoticias"],"_links":{"self":[{"href":"https:\/\/primicias2262.com\/noticias\/wp-json\/wp\/v2\/posts\/92103","targetHints":{"allow":["GET"]}}],"collection":[{"href":"https:\/\/primicias2262.com\/noticias\/wp-json\/wp\/v2\/posts"}],"about":[{"href":"https:\/\/primicias2262.com\/noticias\/wp-json\/wp\/v2\/types\/post"}],"author":[{"embeddable":true,"href":"https:\/\/primicias2262.com\/noticias\/wp-json\/wp\/v2\/users\/3"}],"replies":[{"embeddable":true,"href":"https:\/\/primicias2262.com\/noticias\/wp-json\/wp\/v2\/comments?post=92103"}],"version-history":[{"count":0,"href":"https:\/\/primicias2262.com\/noticias\/wp-json\/wp\/v2\/posts\/92103\/revisions"}],"wp:attachment":[{"href":"https:\/\/primicias2262.com\/noticias\/wp-json\/wp\/v2\/media?parent=92103"}],"wp:term":[{"taxonomy":"category","embeddable":true,"href":"https:\/\/primicias2262.com\/noticias\/wp-json\/wp\/v2\/categories?post=92103"},{"taxonomy":"post_tag","embeddable":true,"href":"https:\/\/primicias2262.com\/noticias\/wp-json\/wp\/v2\/tags?post=92103"}],"curies":[{"name":"wp","href":"https:\/\/api.w.org\/{rel}","templated":true}]}}