{"id":92127,"date":"2022-07-30T17:47:41","date_gmt":"2022-07-30T20:47:41","guid":{"rendered":"https:\/\/primicias2262.com\/?p=92127"},"modified":"2022-07-30T17:47:41","modified_gmt":"2022-07-30T20:47:41","slug":"se-desarrollo-la-decima-asamblea-barrial-por-presupuesto-participativo","status":"publish","type":"post","link":"https:\/\/primicias2262.com\/noticias\/se-desarrollo-la-decima-asamblea-barrial-por-presupuesto-participativo\/","title":{"rendered":"Se desarroll\u00f3 la d\u00e9cima asamblea barrial por Presupuesto Participativo"},"content":{"rendered":"<p><strong>Se llev\u00f3 a cabo en el sal\u00f3n de fiestas del Barrio Sudoeste. La semana que viene habr\u00e1 reuniones del mismo tipo en La Dulce y Juan N. Fern\u00e1ndez y ya culminar\u00e1 el ciclo de asambleas para luego conocerse las obras elegidas por los vecinos.<\/strong><\/p>\n<p>Con una buena afluencia de vecinos en el Barrio Sudoeste de la ciudad, se desarroll\u00f3 la d\u00e9cima asamblea barrial de Presupuesto Participativo 2022-2023, cuyo programa viene teniendo un considerable avance por parte de la gesti\u00f3n municipal que lidera el intendente Arturo Rojas.<\/p>\n<p>Como se viene realizando desde meses anteriores, la modalidad predominante en la reuni\u00f3n fue la elecci\u00f3n de delegados del barrio por parte de los mismos vecinos. El a\u00f1o siguiente, ser\u00e1 la segunda etapa con la concreci\u00f3n de las obras.<\/p>\n<p>En funci\u00f3n de ello, quien encabez\u00f3 la reuni\u00f3n por parte del municipio fue el director de H\u00e1bitat, Vivienda y Obras Comunitarias, Lisandro Dones, quien sintetiz\u00f3 que \u201cdando cumplimiento a este paso de la elecci\u00f3n, ahora empezar\u00e1n a tratar las obras que ellos quieren para su barrio\u201d, y en ese aspecto enumer\u00f3 que por lo general se habl\u00f3 de reductores de velocidad, iluminaci\u00f3n y mejoras en la plaza.<\/p>\n<p>\u201cAhora los vecinos deber\u00e1n elegir y en dos semanas se hace la segunda asamblea, donde ya estar\u00e1n las propuestas para los barrios\u201d, complet\u00f3 Dones, quien explic\u00f3 que el venidero martes estar\u00e1n en La Dulce y Juan N. Fern\u00e1ndez y ya se cerrar\u00e1 de esa manera el ciclo de asambleas barriales.<\/p>\n","protected":false},"excerpt":{"rendered":"<p>Se llev\u00f3 a cabo en el sal\u00f3n de fiestas del Barrio Sudoeste. La semana que viene habr\u00e1 reuniones del mismo tipo en La Dulce y Juan N. Fern\u00e1ndez y ya culminar\u00e1 el ciclo de asambleas para luego conocerse las obras elegidas por los vecinos. Con una buena afluencia de vecinos en el Barrio Sudoeste de [&hellip;]<\/p>\n","protected":false},"author":3,"featured_media":92128,"comment_status":"closed","ping_status":"closed","sticky":false,"template":"","format":"standard","meta":{"footnotes":""},"categories":[3],"tags":[],"class_list":["post-92127","post","type-post","status-publish","format-standard","has-post-thumbnail","category-masnoticias"],"_links":{"self":[{"href":"https:\/\/primicias2262.com\/noticias\/wp-json\/wp\/v2\/posts\/92127","targetHints":{"allow":["GET"]}}],"collection":[{"href":"https:\/\/primicias2262.com\/noticias\/wp-json\/wp\/v2\/posts"}],"about":[{"href":"https:\/\/primicias2262.com\/noticias\/wp-json\/wp\/v2\/types\/post"}],"author":[{"embeddable":true,"href":"https:\/\/primicias2262.com\/noticias\/wp-json\/wp\/v2\/users\/3"}],"replies":[{"embeddable":true,"href":"https:\/\/primicias2262.com\/noticias\/wp-json\/wp\/v2\/comments?post=92127"}],"version-history":[{"count":0,"href":"https:\/\/primicias2262.com\/noticias\/wp-json\/wp\/v2\/posts\/92127\/revisions"}],"wp:attachment":[{"href":"https:\/\/primicias2262.com\/noticias\/wp-json\/wp\/v2\/media?parent=92127"}],"wp:term":[{"taxonomy":"category","embeddable":true,"href":"https:\/\/primicias2262.com\/noticias\/wp-json\/wp\/v2\/categories?post=92127"},{"taxonomy":"post_tag","embeddable":true,"href":"https:\/\/primicias2262.com\/noticias\/wp-json\/wp\/v2\/tags?post=92127"}],"curies":[{"name":"wp","href":"https:\/\/api.w.org\/{rel}","templated":true}]}}