{"id":92133,"date":"2022-07-30T18:01:14","date_gmt":"2022-07-30T21:01:14","guid":{"rendered":"https:\/\/primicias2262.com\/?p=92133"},"modified":"2022-07-30T18:01:14","modified_gmt":"2022-07-30T21:01:14","slug":"roberto-gomez-dejemos-de-contaminar-en-necochea-y-quequen","status":"publish","type":"post","link":"https:\/\/primicias2262.com\/noticias\/roberto-gomez-dejemos-de-contaminar-en-necochea-y-quequen\/","title":{"rendered":"Roberto G\u00f3mez: \u00abDejemos de contaminar en Necochea y Quequ\u00e9n \u00ab"},"content":{"rendered":"<p>Mientras en el \u00e1mbito pol\u00edtico de la ciudad a\u00fan no se han solucionado los problemas de fondo con el tema de la recolecci\u00f3n y la siempre mencionada planta de tratamiento de residuos, el dirigente peronista Roberto G\u00f3mez insiste en aumentar la implementaci\u00f3n de contenedores en diferentes puntos de la ciudad que ayuden a empezar a dejar de contaminar.<\/p>\n<p>G\u00f3mez, se expres\u00f3 sobre la problem\u00e1tica de la contaminaci\u00f3n ambiental en Necochea, acerca de lo que afirm\u00f3 que \u201cvenimos muy atrasados en el distrito, y no se requiere de una gran inversi\u00f3n, sino m\u00e1s que nada de una decisi\u00f3n pol\u00edtica\u201d, en referencia a la realizaci\u00f3n de una planta de tratamiento de residuos s\u00f3lidos urbanos. Mientras tanto, propone avanzar con puntos limpios entre los vecinos.<\/p>\n<p>Sabido es que \u00abla recolecci\u00f3n tiene un costo importante, la empresa deber\u00eda haber dispuesto un terreno y construir una planta de separaci\u00f3n y no se ha hecho, y a su vez le reclama una deuda al municipio desde hace mucho tiempo. Se va a dar una discusi\u00f3n y esperemos que se llegue a una soluci\u00f3n\u201d, contextualiz\u00f3, G\u00f3mez<\/p>\n<p><a href=\"https:\/\/primicias2262.com\/wp-content\/uploads\/2022\/07\/WhatsApp-Image-2022-07-29-at-3.00.49-PM.jpeg\"><img loading=\"lazy\" decoding=\"async\" class=\"alignright size-medium wp-image-92134\" src=\"https:\/\/primicias2262.com\/wp-content\/uploads\/2022\/07\/WhatsApp-Image-2022-07-29-at-3.00.49-PM-300x300.jpeg\" alt=\"\" width=\"300\" height=\"300\" \/><\/a>\u00abMientras tanto nosotros proponemos avanzar con los puntos limpios, es decir, contenedores para separar voluntariamente por el mismo vecino, ya sea cartones, vidrios, pl\u00e1stico en diferentes lugares, o latas de aluminio\u00bb, manifest\u00f3.<\/p>\n<p>A\u00f1adi\u00f3 que \u201cla primera tarea debe ser la separaci\u00f3n, en vez de llevar toda la basura junta\u201d, y record\u00f3 una experiencia anterior de buen resultado: \u201cUbicamos dos puntos limpios como prueba, uno en Necochea y otro en Quequ\u00e9n, y la gente respond\u00eda muy bien. Es un tema que trasciende a todos y genera mucha preocupaci\u00f3n\u2026 estamos en la peor situaci\u00f3n, con 8 o 10 lugares donde la gente tira basura a cielo abierto\u201d.<\/p>\n","protected":false},"excerpt":{"rendered":"<p>Mientras en el \u00e1mbito pol\u00edtico de la ciudad a\u00fan no se han solucionado los problemas de fondo con el tema de la recolecci\u00f3n y la siempre mencionada planta de tratamiento de residuos, el dirigente peronista Roberto G\u00f3mez insiste en aumentar la implementaci\u00f3n de contenedores en diferentes puntos de la ciudad que ayuden a empezar a [&hellip;]<\/p>\n","protected":false},"author":3,"featured_media":92135,"comment_status":"closed","ping_status":"closed","sticky":false,"template":"","format":"standard","meta":{"footnotes":""},"categories":[3],"tags":[],"class_list":["post-92133","post","type-post","status-publish","format-standard","has-post-thumbnail","category-masnoticias"],"_links":{"self":[{"href":"https:\/\/primicias2262.com\/noticias\/wp-json\/wp\/v2\/posts\/92133","targetHints":{"allow":["GET"]}}],"collection":[{"href":"https:\/\/primicias2262.com\/noticias\/wp-json\/wp\/v2\/posts"}],"about":[{"href":"https:\/\/primicias2262.com\/noticias\/wp-json\/wp\/v2\/types\/post"}],"author":[{"embeddable":true,"href":"https:\/\/primicias2262.com\/noticias\/wp-json\/wp\/v2\/users\/3"}],"replies":[{"embeddable":true,"href":"https:\/\/primicias2262.com\/noticias\/wp-json\/wp\/v2\/comments?post=92133"}],"version-history":[{"count":0,"href":"https:\/\/primicias2262.com\/noticias\/wp-json\/wp\/v2\/posts\/92133\/revisions"}],"wp:attachment":[{"href":"https:\/\/primicias2262.com\/noticias\/wp-json\/wp\/v2\/media?parent=92133"}],"wp:term":[{"taxonomy":"category","embeddable":true,"href":"https:\/\/primicias2262.com\/noticias\/wp-json\/wp\/v2\/categories?post=92133"},{"taxonomy":"post_tag","embeddable":true,"href":"https:\/\/primicias2262.com\/noticias\/wp-json\/wp\/v2\/tags?post=92133"}],"curies":[{"name":"wp","href":"https:\/\/api.w.org\/{rel}","templated":true}]}}