{"id":92137,"date":"2022-07-30T18:12:37","date_gmt":"2022-07-30T21:12:37","guid":{"rendered":"https:\/\/primicias2262.com\/?p=92137"},"modified":"2022-07-30T18:12:37","modified_gmt":"2022-07-30T21:12:37","slug":"estamos-trabajando-para-poner-en-marcha-obras-pendientes-y-las-que-estan-por-venir","status":"publish","type":"post","link":"https:\/\/primicias2262.com\/noticias\/estamos-trabajando-para-poner-en-marcha-obras-pendientes-y-las-que-estan-por-venir\/","title":{"rendered":"\u201cEstamos trabajando para poner en marcha obras pendientes y las que est\u00e1n por venir\u201d"},"content":{"rendered":"<p>As\u00ed lo defini\u00f3 el Director de H\u00e1bitat, Vivienda y Obras Comunitarias del municipio, Lisandro Dones, al referirse a las obras inconclusas de a\u00f1os anteriores como el natatorio de Quequ\u00e9n y el asfaltado de la avenida 531, y a otras de envergadura que est\u00e1n por llegar, por ejemplo la infraestructura b\u00e1sica para el barrio lindante a la Terminal de \u00d3mnibus.<\/p>\n<p>Al ser entrevistado por el periodista Hugo Arroyo en el programa radial \u201cVoces de la Ciudad\u201d, el funcionario narr\u00f3 que \u201carrancamos junto con Adri\u00e1n Furno (secretario de Planeamiento y Obras P\u00fablicas), all\u00e1 por enero de este a\u00f1o, conformamos un equipo de trabajo dedic\u00e1ndonos a muchas cosas que hab\u00edan quedado pendientes y otros proyectos que fueron surgiendo, con el acompa\u00f1amiento del intendente Arturo Rojas que nos instruy\u00f3 sobre las pol\u00edticas a seguir\u201d.<\/p>\n<p>Acto seguido cont\u00f3 que \u201chicimos reiterados viajes a Buenos Aires, tanto del FIM (Fondo de Infraestructura Municipal) como del programa Argentina Hace, hemos estado en ENOHSA, en Hidr\u00e1ulica y en diversos institutos nacionales y provinciales, gestionando obras para la ciudad y a su vez poniendo en marcha otras obras que ya ven\u00edan siendo gestionadas desde el a\u00f1o pasado y que por estos d\u00edas se est\u00e1 viendo el inicio de los trabajos, como es el CAPS Norte y la cubierta del Anfiteatro, que ahora ser\u00e1 remodelada por una obra superadora\u201d.<\/p>\n<p>En este contexto inflacionario que dificulta las licitaciones, Dones afirm\u00f3 que \u201cla pol\u00edtica de Arturo (Rojas) igualmente es seguir adelante, trabajando, y poner en marcha las obras que est\u00e1n pendientes y las que est\u00e1n por venir\u201d.<\/p>\n<p>Acerca de las obras inconclusas, se refiri\u00f3 a la avenida 531 y al natatorio de Quequ\u00e9n: \u201cEs un tema delicado porque se iniciaron en la gesti\u00f3n anterior y en uno de los viajes que hicimos con Adri\u00e1n (Furno) al FIM de Provincia vimos la desprolijidad con que se trat\u00f3 el manejo de los fondos y su ejecuci\u00f3n a nivel local y nos encontramos con una situaci\u00f3n muy compleja de resolver porque ya hab\u00edan enviado los fondos, que se destinaron a otra cosa que no sabemos\u201d.<\/p>\n<p>El natatorio es una obra hermosa que qued\u00f3 con el esqueleto abandonado, y no es que no queramos terminarla, sino que la cuesti\u00f3n burocr\u00e1tica para poder ordenar la documentaci\u00f3n que hay en este momento en el Ministerio de Obras P\u00fablicas de Provincia es muy complejo ese tema<\/p>\n<p>Entonces, \u201ctenemos como finalidad reordenar esta situaci\u00f3ncon estas dos importantes obras heredadas de la anterior gesti\u00f3n, es algo que no es f\u00e1cil y va a llevar tiempo porque hay cuestiones burocr\u00e1ticas en el medio. La 531 deber\u00eda estar mucho m\u00e1s avanzada de lo que est\u00e1, al igual que el natatorio\u201d.<\/p>\n<p>Por otra parte, Dones report\u00f3 que se est\u00e1n por ejecutar obras nuevas, y se refiri\u00f3 puntualmente a dos. Por un lado, respecto al pavimento de la avenida 58 entre 81 y 91, detall\u00f3 que \u201cest\u00e1 dentro del FIM 2022, est\u00e1 firmado el convenio y estamos prontos a sacar los pliegos para las licitaciones\u201d.<\/p>\n<p>Tambi\u00e9n se refiri\u00f3 al barrio de la Terminal, proyecto en el cual se incluy\u00f3 las dos cuadras de pavimento de la Av. 43, que por ende, se sumar\u00edan a las obras de infraestructura b\u00e1sica por cord\u00f3n cuneta, luminarias, cloacas, agua, veredas y entoscado del barrio. \u201cTodo ello har\u00e1 que se revalorice el sector, sumado a la nueva Terminal de \u00d3mnibus y la Casa de la Provincia, y tenemos el objetivo de poder concretarlo\u201d, culmin\u00f3 Dones.<\/p>\n","protected":false},"excerpt":{"rendered":"<p>As\u00ed lo defini\u00f3 el Director de H\u00e1bitat, Vivienda y Obras Comunitarias del municipio, Lisandro Dones, al referirse a las obras inconclusas de a\u00f1os anteriores como el natatorio de Quequ\u00e9n y el asfaltado de la avenida 531, y a otras de envergadura que est\u00e1n por llegar, por ejemplo la infraestructura b\u00e1sica para el barrio lindante a [&hellip;]<\/p>\n","protected":false},"author":3,"featured_media":92138,"comment_status":"closed","ping_status":"closed","sticky":false,"template":"","format":"standard","meta":{"footnotes":""},"categories":[3],"tags":[],"class_list":["post-92137","post","type-post","status-publish","format-standard","has-post-thumbnail","category-masnoticias"],"_links":{"self":[{"href":"https:\/\/primicias2262.com\/noticias\/wp-json\/wp\/v2\/posts\/92137","targetHints":{"allow":["GET"]}}],"collection":[{"href":"https:\/\/primicias2262.com\/noticias\/wp-json\/wp\/v2\/posts"}],"about":[{"href":"https:\/\/primicias2262.com\/noticias\/wp-json\/wp\/v2\/types\/post"}],"author":[{"embeddable":true,"href":"https:\/\/primicias2262.com\/noticias\/wp-json\/wp\/v2\/users\/3"}],"replies":[{"embeddable":true,"href":"https:\/\/primicias2262.com\/noticias\/wp-json\/wp\/v2\/comments?post=92137"}],"version-history":[{"count":0,"href":"https:\/\/primicias2262.com\/noticias\/wp-json\/wp\/v2\/posts\/92137\/revisions"}],"wp:attachment":[{"href":"https:\/\/primicias2262.com\/noticias\/wp-json\/wp\/v2\/media?parent=92137"}],"wp:term":[{"taxonomy":"category","embeddable":true,"href":"https:\/\/primicias2262.com\/noticias\/wp-json\/wp\/v2\/categories?post=92137"},{"taxonomy":"post_tag","embeddable":true,"href":"https:\/\/primicias2262.com\/noticias\/wp-json\/wp\/v2\/tags?post=92137"}],"curies":[{"name":"wp","href":"https:\/\/api.w.org\/{rel}","templated":true}]}}