{"id":92155,"date":"2022-07-31T18:23:26","date_gmt":"2022-07-31T21:23:26","guid":{"rendered":"https:\/\/primicias2262.com\/?p=92155"},"modified":"2022-07-31T18:23:26","modified_gmt":"2022-07-31T21:23:26","slug":"sigue-la-fiscalizacion-de-las-concesiones-municipales-para-hacer-cumplir-lo-establecido","status":"publish","type":"post","link":"https:\/\/primicias2262.com\/noticias\/sigue-la-fiscalizacion-de-las-concesiones-municipales-para-hacer-cumplir-lo-establecido\/","title":{"rendered":"Sigue la fiscalizaci\u00f3n de las concesiones municipales para hacer cumplir lo establecido"},"content":{"rendered":"<p><strong>Esta vez se recorri\u00f3 el complejo tur\u00edstico de AEFIP, donde la secretaria de Gobierno, Gabriela G\u00f3ngora, valor\u00f3 que el concesionario est\u00e1 al d\u00eda con las obras pactadas y se solicit\u00f3 poder implementar una bajada accesible a la playa para fortalecer el turismo inclusivo.<\/strong><\/p>\n<p>En el marco del control y cumplimiento de normas queel gobierno del intendente Arturo Rojas busca ejercer sobre los concesionarios en la ciudad, la secretaria de Gobierno, Gabriela G\u00f3ngora, encabez\u00f3 una visita al complejo tur\u00edstico AEFIP, sobre Av. 10 y 195, a metros de la playa, donde se constataron los avances de obras en dicho camping en funci\u00f3n de lo acordado en su momento con el Concejo Deliberante local.<\/p>\n<p>La funcionaria estuvo acompa\u00f1ada por el subsecretario de Ordenamiento Urbano y Fiscalizaci\u00f3n, Walter Calabretta; y la directora de Concesiones, Ver\u00f3nica Dones; y fueron recibidos por el secretario de Asuntos Sociales de la Mesa Directiva Nacional de AEFIP, Juan Mart\u00edn Andr\u00e9s, junto a quien los funcionarios recorrieron el predio y hablaron sobre las condiciones presentes y a cumplir en el mediano plazo.<\/p>\n<p>Al respecto, G\u00f3ngora explic\u00f3 que \u201cen este mecanismo que tenemos desde que asumimos, de acompa\u00f1amiento y control de ver c\u00f3mo los concesionarios van cumpliendo con lo normado, lo cual tambi\u00e9n es una muestra para rendir cuentas al Concejo Deliberante, es que nos acercamos para ver c\u00f3mo est\u00e1n avanzando y trabajando en lo que est\u00e1 habilitado, y estamos muy contentos porque vemos que vienen cumpliendo con lo que se hab\u00eda hablado\u201d.<\/p>\n<p>Si bien la pandemia oblig\u00f3 a contar con otros plazos, \u201clo cierto es que estamos haciendo estas recorridas en las concesiones y para este lugar una de las cosas que hab\u00edamos hablado el a\u00f1o pasado fue el hecho de poder tener la pileta habilitada para este a\u00f1o, y estamos m\u00e1s que conformes de que se haya podido cumplir\u201d, sentenci\u00f3 en referencia a la obra que se inaugur\u00f3 en enero de este a\u00f1o.<\/p>\n<p>Asimismo, la secretaria de Gobierno revel\u00f3 que \u201choy estuvimos charlando sobre la posibilidad de cumplir con un acceso a la playa y la construcci\u00f3n de caba\u00f1as: se solicit\u00f3 al concesionario la posibilidad de hacer una caba\u00f1a accesible, que es lo que venimos trabajando para que la ciudad ofrezca todo tipo de turismo y turismo inclusivo, no desde el discurso sino tambi\u00e9n desde las obras\u201d.<\/p>\n","protected":false},"excerpt":{"rendered":"<p>Esta vez se recorri\u00f3 el complejo tur\u00edstico de AEFIP, donde la secretaria de Gobierno, Gabriela G\u00f3ngora, valor\u00f3 que el concesionario est\u00e1 al d\u00eda con las obras pactadas y se solicit\u00f3 poder implementar una bajada accesible a la playa para fortalecer el turismo inclusivo. En el marco del control y cumplimiento de normas queel gobierno del [&hellip;]<\/p>\n","protected":false},"author":3,"featured_media":92156,"comment_status":"closed","ping_status":"closed","sticky":false,"template":"","format":"standard","meta":{"footnotes":""},"categories":[3],"tags":[],"class_list":["post-92155","post","type-post","status-publish","format-standard","has-post-thumbnail","category-masnoticias"],"_links":{"self":[{"href":"https:\/\/primicias2262.com\/noticias\/wp-json\/wp\/v2\/posts\/92155","targetHints":{"allow":["GET"]}}],"collection":[{"href":"https:\/\/primicias2262.com\/noticias\/wp-json\/wp\/v2\/posts"}],"about":[{"href":"https:\/\/primicias2262.com\/noticias\/wp-json\/wp\/v2\/types\/post"}],"author":[{"embeddable":true,"href":"https:\/\/primicias2262.com\/noticias\/wp-json\/wp\/v2\/users\/3"}],"replies":[{"embeddable":true,"href":"https:\/\/primicias2262.com\/noticias\/wp-json\/wp\/v2\/comments?post=92155"}],"version-history":[{"count":0,"href":"https:\/\/primicias2262.com\/noticias\/wp-json\/wp\/v2\/posts\/92155\/revisions"}],"wp:attachment":[{"href":"https:\/\/primicias2262.com\/noticias\/wp-json\/wp\/v2\/media?parent=92155"}],"wp:term":[{"taxonomy":"category","embeddable":true,"href":"https:\/\/primicias2262.com\/noticias\/wp-json\/wp\/v2\/categories?post=92155"},{"taxonomy":"post_tag","embeddable":true,"href":"https:\/\/primicias2262.com\/noticias\/wp-json\/wp\/v2\/tags?post=92155"}],"curies":[{"name":"wp","href":"https:\/\/api.w.org\/{rel}","templated":true}]}}