{"id":92158,"date":"2022-07-31T18:29:27","date_gmt":"2022-07-31T21:29:27","guid":{"rendered":"https:\/\/primicias2262.com\/?p=92158"},"modified":"2022-07-31T18:29:27","modified_gmt":"2022-07-31T21:29:27","slug":"transito-diaz-enfatizo-en-el-uso-del-celular-al-manejar-y-los-canos-de-escapes-libres","status":"publish","type":"post","link":"https:\/\/primicias2262.com\/noticias\/transito-diaz-enfatizo-en-el-uso-del-celular-al-manejar-y-los-canos-de-escapes-libres\/","title":{"rendered":"Tr\u00e1nsito: D\u00edaz enfatiz\u00f3 en el uso del celular al manejar y los ca\u00f1os de escapes libres"},"content":{"rendered":"<p>Como resultado de la implementaci\u00f3n de constantes operativos en la v\u00eda p\u00fablica, el director de Tr\u00e1nsito, Carlos D\u00edaz, se\u00f1al\u00f3 varias problem\u00e1ticas pero pos\u00f3 la lupa especialmente sobre dos: el uso del celular al momento de manejar un veh\u00edculo o los ruidos molestos que generan los cortes que realizan las motos con los ca\u00f1os de escapes.<\/p>\n<p><a href=\"https:\/\/primicias2262.com\/wp-content\/uploads\/2022\/07\/Diaz.jpeg\"><img loading=\"lazy\" decoding=\"async\" class=\"alignleft size-medium wp-image-92159\" src=\"https:\/\/primicias2262.com\/wp-content\/uploads\/2022\/07\/Diaz-300x256.jpeg\" alt=\"\" width=\"300\" height=\"256\" \/><\/a>En el programa \u201cVoces de la Ciudad\u201d, en di\u00e1logo con el periodista Daniel Gonz\u00e1lez, D\u00edaz referenci\u00f3 en primer t\u00e9rmino que \u201cla idea era potenciar los operativos un poco m\u00e1s en vacaciones de invierno por la llegada de turistas, hay m\u00e1s movimiento tanto de d\u00eda como de noche y desde las diversas \u00e1reas del municipio aportamos el caudal humano y log\u00edstico que tenemos para brindar mayor seguridad en la calle\u201d.<\/p>\n<p>En ese marco, se\u00f1al\u00f3 que ha habido muy buenos resultados. \u201cEl primer objetivo era la presencia del personal de tr\u00e1nsito en las distintas partes de la ciudad, estamos afectando bastante el sector del parque y playa con motos y camionetas, y lo mismo hacemos durante los operativos de nocturnidad con apoyo al personal policial\u201d.<\/p>\n<p>\u201cLos operativos son din\u00e1micos en distintos puntos y esta semana cambiamos y pasamos a operativos est\u00e1ticos\u201d, inform\u00f3, para puntualizar que se ven \u201cerrores que tienen que ver con el manejo imprudente y despu\u00e9s ten\u00e9s una serie de infracciones normales, como avanzar con el sem\u00e1foro en rojo, la falta de documentaci\u00f3n (especialmente de seguro), el uso de casco, los estacionamientos prohibidos y usar tel\u00e9fono celular al manejar, que sigue siendo un problema y son varias infracciones diarias que se hacen por ese motivo\u201d.<\/p>\n<p>En cuanto a motos con corte de ca\u00f1os de escapes libres, D\u00edaz coment\u00f3 que \u201cestamos haciendo \u00e9nfasis en esa situaci\u00f3n, por eso el hecho de la presencia del personal nuestro en la zona del parque y playa para tratar de disminuir algo que es complejo. Queremos encararlo con precauci\u00f3n y por eso bajamos una l\u00ednea de no realizar persecuci\u00f3n\u00bb.<\/p>\n<p>\u00abComo personal de tr\u00e1nsito debemos primero respetar las normas de tr\u00e1nsito y no queremos que haya accidentes que afecten a terceros que nada tienen que ver con la infracci\u00f3n que cometen esos j\u00f3venes y la funci\u00f3n nuestra, que es tratar de prevenir y desistir esas situaciones\u201d, se\u00f1al\u00f3.<\/p>\n<p>\u201cPor eso estamos con estos operativos din\u00e1micos y est\u00e1ticos, con secuestro de motos por estas situaciones y estamos en pos de neutralizar esta situaci\u00f3n de los ca\u00f1os de escapes libres, aunque no es f\u00e1cil porque es una modalidad que se hace en todos lados\u201d, complet\u00f3, para concluir que \u201ces fundamental el control y la presencia, ya que la presencia permite desestimar alg\u00fan tipo de maniobra imprudente\u201d.<\/p>\n","protected":false},"excerpt":{"rendered":"<p>Como resultado de la implementaci\u00f3n de constantes operativos en la v\u00eda p\u00fablica, el director de Tr\u00e1nsito, Carlos D\u00edaz, se\u00f1al\u00f3 varias problem\u00e1ticas pero pos\u00f3 la lupa especialmente sobre dos: el uso del celular al momento de manejar un veh\u00edculo o los ruidos molestos que generan los cortes que realizan las motos con los ca\u00f1os de escapes. [&hellip;]<\/p>\n","protected":false},"author":3,"featured_media":92160,"comment_status":"closed","ping_status":"closed","sticky":false,"template":"","format":"standard","meta":{"footnotes":""},"categories":[3],"tags":[],"class_list":["post-92158","post","type-post","status-publish","format-standard","has-post-thumbnail","category-masnoticias"],"_links":{"self":[{"href":"https:\/\/primicias2262.com\/noticias\/wp-json\/wp\/v2\/posts\/92158","targetHints":{"allow":["GET"]}}],"collection":[{"href":"https:\/\/primicias2262.com\/noticias\/wp-json\/wp\/v2\/posts"}],"about":[{"href":"https:\/\/primicias2262.com\/noticias\/wp-json\/wp\/v2\/types\/post"}],"author":[{"embeddable":true,"href":"https:\/\/primicias2262.com\/noticias\/wp-json\/wp\/v2\/users\/3"}],"replies":[{"embeddable":true,"href":"https:\/\/primicias2262.com\/noticias\/wp-json\/wp\/v2\/comments?post=92158"}],"version-history":[{"count":0,"href":"https:\/\/primicias2262.com\/noticias\/wp-json\/wp\/v2\/posts\/92158\/revisions"}],"wp:attachment":[{"href":"https:\/\/primicias2262.com\/noticias\/wp-json\/wp\/v2\/media?parent=92158"}],"wp:term":[{"taxonomy":"category","embeddable":true,"href":"https:\/\/primicias2262.com\/noticias\/wp-json\/wp\/v2\/categories?post=92158"},{"taxonomy":"post_tag","embeddable":true,"href":"https:\/\/primicias2262.com\/noticias\/wp-json\/wp\/v2\/tags?post=92158"}],"curies":[{"name":"wp","href":"https:\/\/api.w.org\/{rel}","templated":true}]}}