{"id":92162,"date":"2022-07-31T18:34:45","date_gmt":"2022-07-31T21:34:45","guid":{"rendered":"https:\/\/primicias2262.com\/?p=92162"},"modified":"2022-07-31T18:34:45","modified_gmt":"2022-07-31T21:34:45","slug":"covid-comenzo-la-inscripcion-para-vacunar-a-ninos-de-6-meses-a-2-anos","status":"publish","type":"post","link":"https:\/\/primicias2262.com\/noticias\/covid-comenzo-la-inscripcion-para-vacunar-a-ninos-de-6-meses-a-2-anos\/","title":{"rendered":"Covid: comenz\u00f3 la inscripci\u00f3n para vacunar a ni\u00f1os de 6 meses a 2 a\u00f1os"},"content":{"rendered":"<p><strong>Los ni\u00f1os y ni\u00f1as de entre 6 meses y 2 a\u00f1os inclusive ya pueden registrarse<\/strong>\u00a0para recibir la vacuna contra el Covid -19 en la Provincia de Buenos Aires.<\/p>\n<p>El adulto o adulta responsable deber\u00e1 completar el formulario a trav\u00e9s de la p\u00e1gina web\u00a0<a id=\"m_-796511708758719485757807190\" href=\"https:\/\/nts.embluemail.com\/p\/cl?data=5XV%2FuKpZViCaffy6EgbsE7ZFtFvx1assIyhOKmCNSBJEvLEhCJW55qEp60BaSqruKTousF7B%2FQdxt58RrLBqZiUhRcu%2BFj85xMvQtRY5cQk%3D!-!6b2fq:9!-!https%3A%2F%2Fvacunatepba.gba.gob.ar%2F%3Futm_source=emBlue%26utm_medium=email%26utm_campaign=Aviso+a+Vacunados%26utm_content=CampaniaMenores6meses-p6--%C2%A1Comenz%C3%B3+la+inscripci%C3%B3n+de+ni%C3%B1os+y+ni%C3%B1as+de+6+meses+a+2+a%C3%B1os+inclusive%21%26utm_term=Menores6-p6--4--none--70-80--ENVIO+SIMPLE\" target=\"_blank\" rel=\"noopener\" data-saferedirecturl=\"https:\/\/www.google.com\/url?q=https:\/\/nts.embluemail.com\/p\/cl?data%3D5XV%252FuKpZViCaffy6EgbsE7ZFtFvx1assIyhOKmCNSBJEvLEhCJW55qEp60BaSqruKTousF7B%252FQdxt58RrLBqZiUhRcu%252BFj85xMvQtRY5cQk%253D!-!6b2fq:9!-!https%253A%252F%252Fvacunatepba.gba.gob.ar%252F%253Futm_source%3DemBlue%2526utm_medium%3Demail%2526utm_campaign%3DAviso%2Ba%2BVacunados%2526utm_content%3DCampaniaMenores6meses-p6--%25C2%25A1Comenz%25C3%25B3%2Bla%2Binscripci%25C3%25B3n%2Bde%2Bni%25C3%25B1os%2By%2Bni%25C3%25B1as%2Bde%2B6%2Bmeses%2Ba%2B2%2Ba%25C3%25B1os%2Binclusive%2521%2526utm_term%3DMenores6-p6--4--none--70-80--ENVIO%2BSIMPLE&amp;source=gmail&amp;ust=1659389404219000&amp;usg=AOvVaw1Malq4VIBX0H6l1OCFDyDN\">vacunatepba.gba.gob.ar<\/a>\u00a0o desde la app VacunatePBA, para registrar la solicitud de vacuna con los datos del\/la ni\u00f1o\/a.<\/p>\n<p>Luego recibir\u00e1 un <strong>turno con d\u00eda, horario y el vacunatorio covid pedi\u00e1trico asignado<\/strong>. Asimismo las autoridades sanitarias remarcaron que iniciar y completar los esquemas de vacunaci\u00f3n es la manera m\u00e1s efectiva de\u00a0<strong>cuidarnos entre todas y todos<\/strong>.<\/p>\n<p>Tambi\u00e9n se record\u00f3 que para toda la poblaci\u00f3n mayor de 3 a\u00f1os la vacuna es <strong>libre y federal<\/strong>, por lo que no requiere inscripci\u00f3n previa ni turno.<\/p>\n","protected":false},"excerpt":{"rendered":"<p>Los ni\u00f1os y ni\u00f1as de entre 6 meses y 2 a\u00f1os inclusive ya pueden registrarse\u00a0para recibir la vacuna contra el Covid -19 en la Provincia de Buenos Aires. El adulto o adulta responsable deber\u00e1 completar el formulario a trav\u00e9s de la p\u00e1gina web\u00a0vacunatepba.gba.gob.ar\u00a0o desde la app VacunatePBA, para registrar la solicitud de vacuna con los [&hellip;]<\/p>\n","protected":false},"author":3,"featured_media":92163,"comment_status":"closed","ping_status":"closed","sticky":false,"template":"","format":"standard","meta":{"footnotes":""},"categories":[3],"tags":[],"class_list":["post-92162","post","type-post","status-publish","format-standard","has-post-thumbnail","category-masnoticias"],"_links":{"self":[{"href":"https:\/\/primicias2262.com\/noticias\/wp-json\/wp\/v2\/posts\/92162","targetHints":{"allow":["GET"]}}],"collection":[{"href":"https:\/\/primicias2262.com\/noticias\/wp-json\/wp\/v2\/posts"}],"about":[{"href":"https:\/\/primicias2262.com\/noticias\/wp-json\/wp\/v2\/types\/post"}],"author":[{"embeddable":true,"href":"https:\/\/primicias2262.com\/noticias\/wp-json\/wp\/v2\/users\/3"}],"replies":[{"embeddable":true,"href":"https:\/\/primicias2262.com\/noticias\/wp-json\/wp\/v2\/comments?post=92162"}],"version-history":[{"count":0,"href":"https:\/\/primicias2262.com\/noticias\/wp-json\/wp\/v2\/posts\/92162\/revisions"}],"wp:attachment":[{"href":"https:\/\/primicias2262.com\/noticias\/wp-json\/wp\/v2\/media?parent=92162"}],"wp:term":[{"taxonomy":"category","embeddable":true,"href":"https:\/\/primicias2262.com\/noticias\/wp-json\/wp\/v2\/categories?post=92162"},{"taxonomy":"post_tag","embeddable":true,"href":"https:\/\/primicias2262.com\/noticias\/wp-json\/wp\/v2\/tags?post=92162"}],"curies":[{"name":"wp","href":"https:\/\/api.w.org\/{rel}","templated":true}]}}