{"id":92165,"date":"2022-08-01T10:03:45","date_gmt":"2022-08-01T13:03:45","guid":{"rendered":"https:\/\/primicias2262.com\/?p=92165"},"modified":"2022-08-01T10:03:45","modified_gmt":"2022-08-01T13:03:45","slug":"se-anuncia-una-semana-con-clima-variable-y-agradables-temperaturas","status":"publish","type":"post","link":"https:\/\/primicias2262.com\/noticias\/se-anuncia-una-semana-con-clima-variable-y-agradables-temperaturas\/","title":{"rendered":"Se anuncia una semana con clima variable y agradables temperaturas"},"content":{"rendered":"<div class=\"elementor-element elementor-element-4e81b259 elementor-widget elementor-widget-theme-post-content\" data-id=\"4e81b259\" data-element_type=\"widget\" data-widget_type=\"theme-post-content.default\">\n<div class=\"elementor-widget-container\">\n<p>Con avance de la nubosidad y una alta humedad, esta semana muestra en su inicio un tono distinto al fin de semana, donde estuvo mayormente soleado, aunque seg\u00fan el informe del Servicio Meteorol\u00f3gico Nacional, seguir\u00edan las temperaturas agradables para esta parte del invierno en Necochea y Quequ\u00e9n.<\/p>\n<p>Este lunes, con el inicio de agosto, el cielo est\u00e1 mayormente nublado, la humedad alcanza el 98% y los vientos son leves del noroeste, mientras que se anuncia una temperatura m\u00e1xima de 16 grados. Para el martes, las condiciones empeorar\u00edan un poco en cuanto a que el SMN no descarta lluvias, ya que se anuncian chaparrones aislados durante la ma\u00f1ana y algo m\u00e1s intensos por la tarde.<\/p>\n<p>En cuanto al pron\u00f3stio extendido, a partir del mi\u00e9rcoles y hasta el fin de semana descender\u00eda un poco la temperatura, pero no se anuncian t\u00e9rmicas bajo cero y las m\u00e1ximas seguir\u00e1n cercanas a los 15 grados. Tanto para mi\u00e9rcoles como para jueves se prev\u00e9n jornadas de parcialmente nublado y reci\u00e9n el viernes podr\u00eda haber otro golpe de agua por la tardecita.<\/p>\n<\/div>\n<\/div>\n","protected":false},"excerpt":{"rendered":"<p>Con avance de la nubosidad y una alta humedad, esta semana muestra en su inicio un tono distinto al fin de semana, donde estuvo mayormente soleado, aunque seg\u00fan el informe del Servicio Meteorol\u00f3gico Nacional, seguir\u00edan las temperaturas agradables para esta parte del invierno en Necochea y Quequ\u00e9n. Este lunes, con el inicio de agosto, el [&hellip;]<\/p>\n","protected":false},"author":3,"featured_media":87892,"comment_status":"closed","ping_status":"closed","sticky":false,"template":"","format":"standard","meta":{"footnotes":""},"categories":[5],"tags":[],"class_list":{"0":"post-92165","1":"post","2":"type-post","3":"status-publish","4":"format-standard","5":"has-post-thumbnail","7":"category-neco"},"_links":{"self":[{"href":"https:\/\/primicias2262.com\/noticias\/wp-json\/wp\/v2\/posts\/92165","targetHints":{"allow":["GET"]}}],"collection":[{"href":"https:\/\/primicias2262.com\/noticias\/wp-json\/wp\/v2\/posts"}],"about":[{"href":"https:\/\/primicias2262.com\/noticias\/wp-json\/wp\/v2\/types\/post"}],"author":[{"embeddable":true,"href":"https:\/\/primicias2262.com\/noticias\/wp-json\/wp\/v2\/users\/3"}],"replies":[{"embeddable":true,"href":"https:\/\/primicias2262.com\/noticias\/wp-json\/wp\/v2\/comments?post=92165"}],"version-history":[{"count":0,"href":"https:\/\/primicias2262.com\/noticias\/wp-json\/wp\/v2\/posts\/92165\/revisions"}],"wp:featuredmedia":[{"embeddable":true,"href":"https:\/\/primicias2262.com\/noticias\/wp-json\/"}],"wp:attachment":[{"href":"https:\/\/primicias2262.com\/noticias\/wp-json\/wp\/v2\/media?parent=92165"}],"wp:term":[{"taxonomy":"category","embeddable":true,"href":"https:\/\/primicias2262.com\/noticias\/wp-json\/wp\/v2\/categories?post=92165"},{"taxonomy":"post_tag","embeddable":true,"href":"https:\/\/primicias2262.com\/noticias\/wp-json\/wp\/v2\/tags?post=92165"}],"curies":[{"name":"wp","href":"https:\/\/api.w.org\/{rel}","templated":true}]}}