{"id":92169,"date":"2022-08-01T10:16:31","date_gmt":"2022-08-01T13:16:31","guid":{"rendered":"https:\/\/primicias2262.com\/?p=92169"},"modified":"2022-08-01T10:16:31","modified_gmt":"2022-08-01T13:16:31","slug":"finalizaron-las-vacaciones-de-invierno-con-un-exito-marcado-afirmo-juan-gamba","status":"publish","type":"post","link":"https:\/\/primicias2262.com\/noticias\/finalizaron-las-vacaciones-de-invierno-con-un-exito-marcado-afirmo-juan-gamba\/","title":{"rendered":"\u201cFinalizaron las vacaciones de invierno con un \u00e9xito marcado\u201d, afirm\u00f3 Juan Gamba"},"content":{"rendered":"<p><strong>\u201cCon una inmensa alegr\u00eda podemos decir que finalizaron las vacaciones de invierno con un \u00e9xito marcado, todos los d\u00edas tuvimos lleno total, tanto en los espect\u00e1culos de teatro como circo y talleres de zumba y la murga\u201d. Con esa definici\u00f3n, el director de Cultura, Juan Gamba, sintetiz\u00f3 el funcionamiento de la carpa en la Plaza Dardo Rocha, que luego de tres d\u00edas de mal clima cerr\u00f3 con otras jornadas de marcada afluencia de familias y chicos.<\/strong><\/p>\n<p>Con la presentaci\u00f3n de \u201cLa Caverna de los Cuentos\u201d y Marbelita, la jornada del domingo congreg\u00f3 a numerosas familias con sus hijos en el cierre de dos semanas con propuestas totalmente gratuitas.<\/p>\n<div class=\"wp-block-media-text__content\">\n<p>El funcionario de Cultura ampli\u00f3 que \u201cten\u00edamos que abrir las lonas de la carpa para que se pudiera apreciar desde afuera porque fue muy buena la concurrencia que tuvimos, y con una predisposici\u00f3n muy importante en el armado; se demostr\u00f3 una vez m\u00e1s que el trabajo en conjunto siempre es un \u00e9xito\u201d.<\/p>\n<p>En ese sentido, resalt\u00f3 Gamba que \u201cen esta oportunidad estuvo presente el \u00e1rea de Protocolo, la Direcci\u00f3n de Deportes, Cultura y Desarrollo Humano a trav\u00e9s de Educaci\u00f3n; entre todos aunamos esfuerzos para que todo esto fuera posible\u201d.<\/p>\n<p>\u201cLos chicos tuvieron muchos espect\u00e1culos totalmente gratuitos, m\u00e1s los inflables en la plaza y regalos que se les entregaba al finalizar cada funci\u00f3n, as\u00ed que el balance es s\u00faper positivo\u201d, resalt\u00f3 el director de Cultura, concluyendo que \u201cfue muy lindo ver c\u00f3mo coronaba este ciclo la concurrencia masiva de la gente en cada una de las manzanas de la plaza\u201d.<\/p>\n<\/div>\n","protected":false},"excerpt":{"rendered":"<p>\u201cCon una inmensa alegr\u00eda podemos decir que finalizaron las vacaciones de invierno con un \u00e9xito marcado, todos los d\u00edas tuvimos lleno total, tanto en los espect\u00e1culos de teatro como circo y talleres de zumba y la murga\u201d. Con esa definici\u00f3n, el director de Cultura, Juan Gamba, sintetiz\u00f3 el funcionamiento de la carpa en la Plaza [&hellip;]<\/p>\n","protected":false},"author":3,"featured_media":92170,"comment_status":"closed","ping_status":"closed","sticky":false,"template":"","format":"standard","meta":{"footnotes":""},"categories":[3],"tags":[],"class_list":["post-92169","post","type-post","status-publish","format-standard","has-post-thumbnail","category-masnoticias"],"_links":{"self":[{"href":"https:\/\/primicias2262.com\/noticias\/wp-json\/wp\/v2\/posts\/92169","targetHints":{"allow":["GET"]}}],"collection":[{"href":"https:\/\/primicias2262.com\/noticias\/wp-json\/wp\/v2\/posts"}],"about":[{"href":"https:\/\/primicias2262.com\/noticias\/wp-json\/wp\/v2\/types\/post"}],"author":[{"embeddable":true,"href":"https:\/\/primicias2262.com\/noticias\/wp-json\/wp\/v2\/users\/3"}],"replies":[{"embeddable":true,"href":"https:\/\/primicias2262.com\/noticias\/wp-json\/wp\/v2\/comments?post=92169"}],"version-history":[{"count":0,"href":"https:\/\/primicias2262.com\/noticias\/wp-json\/wp\/v2\/posts\/92169\/revisions"}],"wp:attachment":[{"href":"https:\/\/primicias2262.com\/noticias\/wp-json\/wp\/v2\/media?parent=92169"}],"wp:term":[{"taxonomy":"category","embeddable":true,"href":"https:\/\/primicias2262.com\/noticias\/wp-json\/wp\/v2\/categories?post=92169"},{"taxonomy":"post_tag","embeddable":true,"href":"https:\/\/primicias2262.com\/noticias\/wp-json\/wp\/v2\/tags?post=92169"}],"curies":[{"name":"wp","href":"https:\/\/api.w.org\/{rel}","templated":true}]}}