{"id":92184,"date":"2022-08-01T13:31:26","date_gmt":"2022-08-01T16:31:26","guid":{"rendered":"https:\/\/primicias2262.com\/?p=92184"},"modified":"2022-08-01T13:31:26","modified_gmt":"2022-08-01T16:31:26","slug":"micros-locales-se-suman-al-paro-de-la-uta-pero-funcionaria-el-servicio-matinal-del-miercoles","status":"publish","type":"post","link":"https:\/\/primicias2262.com\/noticias\/micros-locales-se-suman-al-paro-de-la-uta-pero-funcionaria-el-servicio-matinal-del-miercoles\/","title":{"rendered":"Micros locales se suman al paro de la UTA, pero funcionar\u00eda el servicio matinal del mi\u00e9rcoles"},"content":{"rendered":"<p>El interrogante fue propuesto por la representante legal de Transportes Necochea, Mar\u00eda In\u00e9s Lesca, quien en el aire de \u201cVoces de la Ciudad\u201d reconoci\u00f3 que el primer servicio de cada d\u00eda es muy importante para una enorme masa de gente que utiliza los micros para ir al trabajo.<\/p>\n<p>Al visitar los estudios de la radio, Lesca fue consultada por el periodista Jorge G\u00f3mez acerca de paro nacional de la UTA (Uni\u00f3n Tranviarios Automotores) que se iniciar\u00e1 este martes 2 de agosto a las 22, acerca de lo que expres\u00f3 que \u201chay un servicio que sale a las 22 desde cabecera y otro a las 23.30 de la playa, los que se van a ver afectados, aunque vamos a tratar de cumplir el de la ma\u00f1ana bien temprano, porque tenemos muchos usuarios que se van a trabajar y queremos sostenerlo\u201d.<\/p>\n<p>En ese caso se refer\u00eda a lo que ser\u00eda el primer servicio del mi\u00e9rcoles 3 de agosto. \u201cHay que ponerse del lugar del usuario, aunque tambi\u00e9n del trabajador, que reclama que se adec\u00fae el salario al momento que vive el pa\u00eds\u201d, sostuvo la empresaria, que en estas horas confirmar\u00e1 finalmente si el paro es total o parcial.<\/p>\n<p>En cuanto a la actualidad de la empresa, contextualiz\u00f3 que \u201cel 70% de lo que ingresa a la se destina a combustible y sueldo del personal, que son las bases fundamentales para que la empresa funcione\u201d, por ello \u201creclamamos que cumpla el Estado en tiempo y forma para nosotros a su vez hacernos cargo de las obligaciones que tenemos como empresa\u201d.<\/p>\n<p>Por esto \u00faltimo, se refer\u00eda a la audiencia p\u00fablica que se realizar\u00e1 el 22 de agosto en el municipio para discutir el aumento del boleto p\u00fablico. \u201cLa Municipalidad nos hab\u00eda prometido eliminar la audiencia p\u00fablica, pero tardaban m\u00e1s ellos en discutir y lograr la eliminaci\u00f3n y eso nos atrasaba el pedido que hab\u00edamos hecho, as\u00ed que veremos qu\u00e9 pasa a partir de la audiencia p\u00fablica\u201d, subray\u00f3.<\/p>\n<p>Respecto al pedido hecho por la empresa, Lesca record\u00f3 que \u201cel 1\u00ba de junio pasado presentamos el estudio, y en el medio sucedi\u00f3 el aumento del combustible y tuvimos paritarias con aumentos escalonados, pero estamos al d\u00eda por suerte y tenemos cuotas no remunerativas con las que tambi\u00e9n estamos al d\u00eda, siempre y cuando se depositen en tiempo y forma los dos subsidios que recibimos\u201d.<\/p>\n<p>En el estudio de costo presentado aquel 1\u00ba de junio hablaban de que si hab\u00eda que actualizar el valor del boleto se llegaba a 350 pesos, aunque Lesca reconoci\u00f3 que \u201csi cobramos eso no tenemos m\u00e1s usuarios en los micros\u201d. Existe la propuesta de escalonar los aumentos a 115 pesos, 135 y 150 de cara al verano, raz\u00f3n por la cual concluy\u00f3 que \u201ctodav\u00eda estamos esperando, nosotros presentamos nuestros n\u00fameros duros pero sabemos que es muy dif\u00edcil para los usuarios y para la empresa tambi\u00e9n, porque si se cobra 350 pesos no se subir\u00eda gente a los micros\u201d.<\/p>\n","protected":false},"excerpt":{"rendered":"<p>El interrogante fue propuesto por la representante legal de Transportes Necochea, Mar\u00eda In\u00e9s Lesca, quien en el aire de \u201cVoces de la Ciudad\u201d reconoci\u00f3 que el primer servicio de cada d\u00eda es muy importante para una enorme masa de gente que utiliza los micros para ir al trabajo. Al visitar los estudios de la radio, [&hellip;]<\/p>\n","protected":false},"author":3,"featured_media":77142,"comment_status":"closed","ping_status":"closed","sticky":false,"template":"","format":"standard","meta":{"footnotes":""},"categories":[3],"tags":[],"class_list":["post-92184","post","type-post","status-publish","format-standard","has-post-thumbnail","category-masnoticias"],"_links":{"self":[{"href":"https:\/\/primicias2262.com\/noticias\/wp-json\/wp\/v2\/posts\/92184","targetHints":{"allow":["GET"]}}],"collection":[{"href":"https:\/\/primicias2262.com\/noticias\/wp-json\/wp\/v2\/posts"}],"about":[{"href":"https:\/\/primicias2262.com\/noticias\/wp-json\/wp\/v2\/types\/post"}],"author":[{"embeddable":true,"href":"https:\/\/primicias2262.com\/noticias\/wp-json\/wp\/v2\/users\/3"}],"replies":[{"embeddable":true,"href":"https:\/\/primicias2262.com\/noticias\/wp-json\/wp\/v2\/comments?post=92184"}],"version-history":[{"count":0,"href":"https:\/\/primicias2262.com\/noticias\/wp-json\/wp\/v2\/posts\/92184\/revisions"}],"wp:attachment":[{"href":"https:\/\/primicias2262.com\/noticias\/wp-json\/wp\/v2\/media?parent=92184"}],"wp:term":[{"taxonomy":"category","embeddable":true,"href":"https:\/\/primicias2262.com\/noticias\/wp-json\/wp\/v2\/categories?post=92184"},{"taxonomy":"post_tag","embeddable":true,"href":"https:\/\/primicias2262.com\/noticias\/wp-json\/wp\/v2\/tags?post=92184"}],"curies":[{"name":"wp","href":"https:\/\/api.w.org\/{rel}","templated":true}]}}