{"id":92186,"date":"2022-08-01T13:39:20","date_gmt":"2022-08-01T16:39:20","guid":{"rendered":"https:\/\/primicias2262.com\/?p=92186"},"modified":"2022-08-01T13:39:20","modified_gmt":"2022-08-01T16:39:20","slug":"tras-la-sesion-del-consejo-escolar-silvina-jensen-fue-electa-presidenta-por-unanimidad","status":"publish","type":"post","link":"https:\/\/primicias2262.com\/noticias\/tras-la-sesion-del-consejo-escolar-silvina-jensen-fue-electa-presidenta-por-unanimidad\/","title":{"rendered":"Tras la sesi\u00f3n del Consejo Escolar, Silvina Jensen fue electa presidenta por unanimidad"},"content":{"rendered":"<p>Este lunes se llev\u00f3 a cabo el reordenamiento de autoridades en el Consejo Escolar, tras la renuncia a los cargos de presidenta y tesorero de Paula Arg\u00fcello y Javier Llona, y fue elegida por unanimidad la consejera Silvina Jensen Menna, de Nueva Necochea.<\/p>\n<p>Adem\u00e1s, Jesica Arce (Frente de Todos) por votaci\u00f3n dividida es la nueva vicepresidenta; Elizabeth Ortega de Nueva Necochea es la flamante tesorera y la secretaria pasa a ser Sandra Rodr\u00edguez de Juntos, por la Uni\u00f3n C\u00edvica Radical. En tanto, Arg\u00fcello y Llona seguir\u00e1n como vocales de la instituci\u00f3n.<\/p>\n<p>Una vez culminada la sesi\u00f3n, Silvina Jensen habl\u00f3 v\u00eda telef\u00f3nica con el periodista Jorge G\u00f3mez en \u201cVoces de la Ciudad\u201d y mencion\u00f3 que \u201ctuvimos que poner a consideraci\u00f3n y votar todos los cargos por uno o dos corrimientos y fui elegida por mis compa\u00f1eros para llevar a cargo la presidencia\u201d.<\/p>\n<p>Asimismo, cont\u00f3 la flamante autoridad del Consejo Escolar que \u201chicimos tambi\u00e9n alg\u00fan reordenamiento de las comisiones de trabajo, aunque no se modific\u00f3 demasiado, la idea es seguir trabajando como ven\u00edamos y profundizando algunas \u00e1reas\u201d, a lo que a\u00f1adi\u00f3 que \u201cel cargo de presidente se dio por unanimidad, al igual que el de tesorero y secretario; solo para vicepresidente se hab\u00eda postulado tambi\u00e9n Sandra Rodr\u00edguez y hubo que votar, y por mayor\u00eda gan\u00f3 Jesica Arce\u201d.<\/p>\n<p>\u201cTenemos muy buen equipo de consejeros escolares m\u00e1s all\u00e1 de lo partidario, todos trabajamos por igual y eso se nota a diario a pesar de nuestros or\u00edgenes pol\u00edticos\u201d, sintetiz\u00f3 Jensen, culminando que \u201cahora hay que seguir gestionando y viajando a La Plata a ver si se pueden conseguir m\u00e1s cosas para nuestras escuelas\u201d.<\/p>\n","protected":false},"excerpt":{"rendered":"<p>Este lunes se llev\u00f3 a cabo el reordenamiento de autoridades en el Consejo Escolar, tras la renuncia a los cargos de presidenta y tesorero de Paula Arg\u00fcello y Javier Llona, y fue elegida por unanimidad la consejera Silvina Jensen Menna, de Nueva Necochea. Adem\u00e1s, Jesica Arce (Frente de Todos) por votaci\u00f3n dividida es la nueva [&hellip;]<\/p>\n","protected":false},"author":3,"featured_media":92187,"comment_status":"closed","ping_status":"closed","sticky":false,"template":"","format":"standard","meta":{"footnotes":""},"categories":[3],"tags":[],"class_list":["post-92186","post","type-post","status-publish","format-standard","has-post-thumbnail","category-masnoticias"],"_links":{"self":[{"href":"https:\/\/primicias2262.com\/noticias\/wp-json\/wp\/v2\/posts\/92186","targetHints":{"allow":["GET"]}}],"collection":[{"href":"https:\/\/primicias2262.com\/noticias\/wp-json\/wp\/v2\/posts"}],"about":[{"href":"https:\/\/primicias2262.com\/noticias\/wp-json\/wp\/v2\/types\/post"}],"author":[{"embeddable":true,"href":"https:\/\/primicias2262.com\/noticias\/wp-json\/wp\/v2\/users\/3"}],"replies":[{"embeddable":true,"href":"https:\/\/primicias2262.com\/noticias\/wp-json\/wp\/v2\/comments?post=92186"}],"version-history":[{"count":0,"href":"https:\/\/primicias2262.com\/noticias\/wp-json\/wp\/v2\/posts\/92186\/revisions"}],"wp:attachment":[{"href":"https:\/\/primicias2262.com\/noticias\/wp-json\/wp\/v2\/media?parent=92186"}],"wp:term":[{"taxonomy":"category","embeddable":true,"href":"https:\/\/primicias2262.com\/noticias\/wp-json\/wp\/v2\/categories?post=92186"},{"taxonomy":"post_tag","embeddable":true,"href":"https:\/\/primicias2262.com\/noticias\/wp-json\/wp\/v2\/tags?post=92186"}],"curies":[{"name":"wp","href":"https:\/\/api.w.org\/{rel}","templated":true}]}}