{"id":92191,"date":"2022-08-02T10:49:14","date_gmt":"2022-08-02T13:49:14","guid":{"rendered":"https:\/\/primicias2262.com\/?p=92191"},"modified":"2022-08-02T10:49:14","modified_gmt":"2022-08-02T13:49:14","slug":"alejandro-lombardi-presenta-su-libro-diario-personal-de-malvinas","status":"publish","type":"post","link":"https:\/\/primicias2262.com\/noticias\/alejandro-lombardi-presenta-su-libro-diario-personal-de-malvinas\/","title":{"rendered":"Alejandro Lombardi presenta su libro \u201cDiario Personal de Malvinas\u201d"},"content":{"rendered":"<p><strong>Ser\u00e1 el pr\u00f3ximo jueves 4 de agosto a las 19 en el Centro Cultural &#8211; Biblioteca Popular \u00abAndr\u00e9s Ferreyra\u00bb. En su obra, el excombatiente local reproduce la libreta donde anot\u00f3 el d\u00eda a d\u00eda en la guerra.<\/strong><\/p>\n<p>El excombatiente de Malvinas, Alejandro Lombardi, presentar\u00e1 el pr\u00f3ximo jueves 4 de agosto a las 19, su libro \u201cDiario Personal de Malvinas\u201d en el que reproduce los textos que escribi\u00f3 en una libreta durante los d\u00edas que estuvo en la guerra. El evento se realizar\u00e1 en el Sal\u00f3n Multiespacio del Centro Cultural Necochea Biblioteca Popular Andr\u00e9s Ferreyra, ubicado en calle 54 entre 61 y 63.<\/p>\n<p>Lombardi ten\u00eda 19 a\u00f1os cuando ingres\u00f3 al Servicio Militar que en 1982 era obligatorio, y termin\u00f3 siendo soldado en las islas. Antes de partir, su padre le dio una agenda, tipo libreta de las que se utilizaban en la \u201cCooperativa Agropecuaria General Necochea Ltda\u201d, y una lapicera, y le dijo: \u201ctom\u00e1, llevala, por ah\u00ed te sirve para escribir algo\u201d. All\u00ed plasm\u00f3 en palabras, lo que vivi\u00f3 cada uno de esos d\u00edas.<\/p>\n<p>Al finalizar el conflicto b\u00e9lico y por 15 a\u00f1os, Lombardi no abri\u00f3 nunca esa libreta hasta que empez\u00f3 a trascribirlo. \u201cMe llev\u00f3 mucho tiempo poder hacerlo ya que no me entend\u00eda la letra en muchas oportunidades, adem\u00e1s de la forma de pensar al escribir\u201d, se\u00f1ala.<\/p>\n<p><a href=\"https:\/\/primicias2262.com\/wp-content\/uploads\/2022\/08\/LOMBARDI_PRESENTACION.jpg\"><img loading=\"lazy\" decoding=\"async\" class=\"alignleft size-medium wp-image-92192\" src=\"https:\/\/primicias2262.com\/wp-content\/uploads\/2022\/08\/LOMBARDI_PRESENTACION-300x300.jpg\" alt=\"\" width=\"300\" height=\"300\" \/><\/a><\/p>\n<p>En este libro y 40 a\u00f1os despu\u00e9s, Lombardi hace p\u00fablica esas anotaciones de manera textual. En cada fecha y de manera destacada, suma \u201caportes\u201d que son vivencias recordadas y agregadas muchos a\u00f1os despu\u00e9s.<\/p>\n<p>En \u201cDiario Personal de Malvinas\u201d, el autor \u2013quien actualmente es el presidente del Centro de Veteranos de Guerra de Necochea- tambi\u00e9n le dedic\u00f3 un cap\u00edtulo al viaje que realiz\u00f3 en abril del 2007 a las Malvinas, otro al encuentro con sus compa\u00f1eros de trinchera y otro al homenaje que le realiz\u00f3 la Escuela Agrot\u00e9cnica Miramar de donde egres\u00f3 del colegio secundario. Hay fotos y fasc\u00edmiles que agregan documentaci\u00f3n al relato contado en primera persona.<\/p>\n<p>La entrada es abierta a todo p\u00fablico y gratuita. Al t\u00e9rmino del evento, el autor firmar\u00e1 los libros a quien lo solicite.<\/p>\n","protected":false},"excerpt":{"rendered":"<p>Ser\u00e1 el pr\u00f3ximo jueves 4 de agosto a las 19 en el Centro Cultural &#8211; Biblioteca Popular \u00abAndr\u00e9s Ferreyra\u00bb. En su obra, el excombatiente local reproduce la libreta donde anot\u00f3 el d\u00eda a d\u00eda en la guerra. El excombatiente de Malvinas, Alejandro Lombardi, presentar\u00e1 el pr\u00f3ximo jueves 4 de agosto a las 19, su libro [&hellip;]<\/p>\n","protected":false},"author":3,"featured_media":92193,"comment_status":"closed","ping_status":"closed","sticky":false,"template":"","format":"standard","meta":{"footnotes":""},"categories":[3],"tags":[],"class_list":["post-92191","post","type-post","status-publish","format-standard","has-post-thumbnail","category-masnoticias"],"_links":{"self":[{"href":"https:\/\/primicias2262.com\/noticias\/wp-json\/wp\/v2\/posts\/92191","targetHints":{"allow":["GET"]}}],"collection":[{"href":"https:\/\/primicias2262.com\/noticias\/wp-json\/wp\/v2\/posts"}],"about":[{"href":"https:\/\/primicias2262.com\/noticias\/wp-json\/wp\/v2\/types\/post"}],"author":[{"embeddable":true,"href":"https:\/\/primicias2262.com\/noticias\/wp-json\/wp\/v2\/users\/3"}],"replies":[{"embeddable":true,"href":"https:\/\/primicias2262.com\/noticias\/wp-json\/wp\/v2\/comments?post=92191"}],"version-history":[{"count":0,"href":"https:\/\/primicias2262.com\/noticias\/wp-json\/wp\/v2\/posts\/92191\/revisions"}],"wp:attachment":[{"href":"https:\/\/primicias2262.com\/noticias\/wp-json\/wp\/v2\/media?parent=92191"}],"wp:term":[{"taxonomy":"category","embeddable":true,"href":"https:\/\/primicias2262.com\/noticias\/wp-json\/wp\/v2\/categories?post=92191"},{"taxonomy":"post_tag","embeddable":true,"href":"https:\/\/primicias2262.com\/noticias\/wp-json\/wp\/v2\/tags?post=92191"}],"curies":[{"name":"wp","href":"https:\/\/api.w.org\/{rel}","templated":true}]}}