{"id":92220,"date":"2022-08-02T16:16:37","date_gmt":"2022-08-02T19:16:37","guid":{"rendered":"https:\/\/primicias2262.com\/?p=92220"},"modified":"2022-08-02T16:16:37","modified_gmt":"2022-08-02T19:16:37","slug":"fempinra-municipio-nos-interesan-los-puntos-en-comun-que-puedan-generar-empleo","status":"publish","type":"post","link":"https:\/\/primicias2262.com\/noticias\/fempinra-municipio-nos-interesan-los-puntos-en-comun-que-puedan-generar-empleo\/","title":{"rendered":"FEMPINRA-Municipio: \u201cNos interesan los puntos en com\u00fan que puedan generar empleo\u201d"},"content":{"rendered":"<p><strong>As\u00ed lo expresaron dos de los integrantes de la FEMPINRA, Gustavo Gavil\u00e1n y Dar\u00edo Olivera, durante una charla con el periodista Jorge G\u00f3mez en el programa radial \u201cVoces de la Ciudad\u201d.<\/strong><\/p>\n<p>La FEMPINRA (Federaci\u00f3n Mar\u00edtimo Portuaria y de la Industria Naval) es la que re\u00fane a los gremios con representaci\u00f3n en la actividad portuaria, entre ellos Dragado y Balizamiento y SEAMARA, cuyos representantes Gustavo Gavil\u00e1n y Dar\u00edo Olivera, respectivamente, se reunieron con el intendente Arturo Rojas en los \u00faltimos d\u00edas.<\/p>\n<p>En primer t\u00e9rmino, Gavil\u00e1n cont\u00f3 que \u201cfue algo protocolar el encuentro con Rojas por un cambio de autoridades en la Federaci\u00f3n, una conversaci\u00f3n protocolar que hab\u00eda quedado pendiente por distintas actividades de ambas partes\u201d, al tiempo que Olivera afirm\u00f3 que \u201cnos conocemos con Arturo, desde que era presidente del Puerto, y lo que nos interesa son los puntos en com\u00fan que puedan generar empleo y que el municipio tenga algo que ver en la relaci\u00f3n puerto-ciudad\u201d.<\/p>\n<p>En tal sentido, ejemplific\u00f3 que \u201cpuede haber una relaci\u00f3n por la generaci\u00f3n de un futuro parque industrial con empresas que se radiquen, creemos que ser\u00eda importante poder hacer un nexo entre \u00e9ste y el puerto, y ser\u00eda un trabajo directo para nosotros\u201d.<\/p>\n<p>\u201cCon Gustavo (Gavil\u00e1n) como Federaci\u00f3n intervenimos en pol\u00edticas portuarias no partidarias, y todo lo que sea acompa\u00f1ar proyectos y que podamos incluso capacitar personal, estamos para eso\u201d, resalt\u00f3 Olivera, reflexionando que \u201cen un municipio medianamente ordenado como este se pueden buscar un tipo de premio fiscal para que las empresas se puedan radicar, es muy importante la mano de obra especializada y nosotros tenemos espacios de formaci\u00f3n. Creemos mucho en la capacitaci\u00f3n constante, es fundamental\u201d.<\/p>\n<p>En tanto, el representante de SEAMARA reflexion\u00f3 que \u201clos gremios podemos contribuir a un puerto operativo, que es lo que venimos haciendo, ya no se escucha tanto que el puerto est\u00e1 parado y en eso tenemos mucho que ver los gremios. TrataMOS de sentarnos a dialogar de forma descentralizada, se usa al Consorcio de Gesti\u00f3n como nexo y en la parte operativa actualmente los gremios tenemos mucho que ver\u201d.<\/p>\n<p>Por su parte, Gavil\u00e1n manifest\u00f3 que \u201cla intenci\u00f3n es que el parque industrial sea un generador de trabajo, como gremios participamos de las pol\u00edticas y ello generar\u00eda directamente puestos laborales, ya que hay mucha falta de trabajo\u201d, y sobre la capacitaci\u00f3n en s\u00ed, sostuvo que \u201csabemos que los tiempos son distintos a hace 20 a\u00f1os y la capacitaci\u00f3n es indispensable, y cada gremio tiene sus capacitaciones para los afiliados en forma personal\u201d.<\/p>\n","protected":false},"excerpt":{"rendered":"<p>As\u00ed lo expresaron dos de los integrantes de la FEMPINRA, Gustavo Gavil\u00e1n y Dar\u00edo Olivera, durante una charla con el periodista Jorge G\u00f3mez en el programa radial \u201cVoces de la Ciudad\u201d. La FEMPINRA (Federaci\u00f3n Mar\u00edtimo Portuaria y de la Industria Naval) es la que re\u00fane a los gremios con representaci\u00f3n en la actividad portuaria, entre [&hellip;]<\/p>\n","protected":false},"author":3,"featured_media":92221,"comment_status":"closed","ping_status":"closed","sticky":false,"template":"","format":"standard","meta":{"footnotes":""},"categories":[3],"tags":[],"class_list":["post-92220","post","type-post","status-publish","format-standard","has-post-thumbnail","category-masnoticias"],"_links":{"self":[{"href":"https:\/\/primicias2262.com\/noticias\/wp-json\/wp\/v2\/posts\/92220","targetHints":{"allow":["GET"]}}],"collection":[{"href":"https:\/\/primicias2262.com\/noticias\/wp-json\/wp\/v2\/posts"}],"about":[{"href":"https:\/\/primicias2262.com\/noticias\/wp-json\/wp\/v2\/types\/post"}],"author":[{"embeddable":true,"href":"https:\/\/primicias2262.com\/noticias\/wp-json\/wp\/v2\/users\/3"}],"replies":[{"embeddable":true,"href":"https:\/\/primicias2262.com\/noticias\/wp-json\/wp\/v2\/comments?post=92220"}],"version-history":[{"count":0,"href":"https:\/\/primicias2262.com\/noticias\/wp-json\/wp\/v2\/posts\/92220\/revisions"}],"wp:attachment":[{"href":"https:\/\/primicias2262.com\/noticias\/wp-json\/wp\/v2\/media?parent=92220"}],"wp:term":[{"taxonomy":"category","embeddable":true,"href":"https:\/\/primicias2262.com\/noticias\/wp-json\/wp\/v2\/categories?post=92220"},{"taxonomy":"post_tag","embeddable":true,"href":"https:\/\/primicias2262.com\/noticias\/wp-json\/wp\/v2\/tags?post=92220"}],"curies":[{"name":"wp","href":"https:\/\/api.w.org\/{rel}","templated":true}]}}